{"id":19889,"date":"2024-06-30T21:07:45","date_gmt":"2024-06-30T19:07:45","guid":{"rendered":"https:\/\/shalom.org.pl\/?p=19889"},"modified":"2024-07-31T23:01:49","modified_gmt":"2024-07-31T21:01:49","slug":"uroczyste-zamkniecie-festiwalu-koncert-ara-malikian-z-zespolem-es","status":"publish","type":"post","link":"https:\/\/shalom.org.pl\/en\/uroczyste-zamkniecie-festiwalu-koncert-ara-malikian-z-zespolem-es\/","title":{"rendered":"Koncert fina\u0142owy: ARA MALIKIAN z zespo\u0142em |ES|"},"content":{"rendered":"<h3>Uroczyste zamkni\u0119cie festiwalu \u2013 koncert: ARA MALIKIAN z zespo\u0142em |ES|<\/h3>\n<p><strong>Koncert po\u015bwi\u0119cony pami\u0119ci Pana Zygmunta Rolata<\/strong><\/p>\n<p>Wyst\u0105pi\u0105: <strong>Ara Malikian<\/strong> (skrzypce) oraz <strong>Iv\u00e1n \u201cMel\u00f3n\u201c Lewis<\/strong> (fortepian) <strong>Iv\u00e1n Ruiz Machado <\/strong>(kontrabas), <strong>Georvis Pico Mil\u00e1n <\/strong>(perkusja), <strong>Dayan Abad<\/strong> (gitara)<\/p>\n<p>Prowadzenie: <strong>Dawid Szurmiej<\/strong><\/p>\n<div id=\"attachment_19318\" style=\"width: 310px\" class=\"wp-caption alignnone\"><img fetchpriority=\"high\" decoding=\"async\" aria-describedby=\"caption-attachment-19318\" class=\"wp-image-19318 size-medium\" src=\"https:\/\/shalom.org.pl\/wp-content\/uploads\/2024\/05\/Ara__Copyright_Corbijn5-300x300.jpg\" alt=\"\" width=\"300\" height=\"300\" srcset=\"https:\/\/shalom.org.pl\/wp-content\/uploads\/2024\/05\/elementor\/thumbs\/Ara__Copyright_Corbijn5-scaled-qoqv007a7q7wy17p168fj13mlqh69qq4bwbv0rpayg.jpg 300w, https:\/\/shalom.org.pl\/wp-content\/uploads\/2024\/05\/Ara__Copyright_Corbijn5-1024x1024.jpg 1024w, https:\/\/shalom.org.pl\/wp-content\/uploads\/2024\/05\/Ara__Copyright_Corbijn5-768x768.jpg 768w, https:\/\/shalom.org.pl\/wp-content\/uploads\/2024\/05\/Ara__Copyright_Corbijn5-1536x1536.jpg 1536w, https:\/\/shalom.org.pl\/wp-content\/uploads\/2024\/05\/Ara__Copyright_Corbijn5-2048x2048.jpg 2048w, https:\/\/shalom.org.pl\/wp-content\/uploads\/2024\/05\/Ara__Copyright_Corbijn5-255x255.jpg 255w, https:\/\/shalom.org.pl\/wp-content\/uploads\/2024\/05\/Ara__Copyright_Corbijn5-350x350.jpg 350w\" sizes=\"(max-width: 300px) 100vw, 300px\" \/><p id=\"caption-attachment-19318\" class=\"wp-caption-text\">fot. fot. Anton Corbijn<\/p><\/div>\n<p><strong>Ara Malikian<\/strong> jest hiszpa\u0144skim skrzypkiem pochodzenia liba\u0144skiego i ormia\u0144skiego. W m\u0142odym wieku jego talent zosta\u0142 rozpoznany pomimo okoliczno\u015bci, w jakich liba\u0144ska wojna domowa zmusi\u0142a go do \u017cycia, ucz\u0105c si\u0119 przez d\u0142ugi czas w schronach przeciwbombowych. Sw\u00f3j pierwszy du\u017cy koncert zagra\u0142 w wieku zaledwie 12 lat, a dwa lata p\u00f3\u017aniej us\u0142ysza\u0142 go dyrygent Hans Herbert-J\u00f6ris, kt\u00f3ry przyzna\u0142 mu stypendium rz\u0105du niemieckiego na studia w Hochschule f\u00fcr Musik und Theater w Hanowerze. Poszerzy\u0142 swoj\u0105 edukacj\u0119 w Guildhall School of Music and Drama w Londynie, a tak\u017ce pobiera\u0142 lekcje od najbardziej presti\u017cowych profesor\u00f3w na \u015bwiecie.<\/p>\n<p>W 2015 roku wyda\u0142 album b\u0119d\u0105cy uk\u0142onem w stron\u0119 jego 15-letniego pobytu w Hiszpanii, ze wspania\u0142\u0105 wsp\u00f3\u0142prac\u0105 w Teatro Real w Madrycie. Trasa koncertowa &#8220;15&#8221;, jedna z najwi\u0119kszych w ostatnich latach, odnios\u0142a sukces w\u015br\u00f3d publiczno\u015bci i krytyk\u00f3w, gromadz\u0105c ponad 175 000 widz\u00f3w i daj\u0105c ponad 150 koncert\u00f3w. Wraz z kolejnym albumem &#8220;The Incredible Historyof Violin&#8221; zaprezentowa\u0142 swoj\u0105 \u015bwiatow\u0105 tras\u0119 koncertow\u0105 ze skrzypcami podr\u00f3\u017cuj\u0105cymi przez jego \u017cycie, osi\u0105gaj\u0105c \u015bwiatowy presti\u017c dzi\u0119ki koncertom w najbardziej presti\u017cowych audytoriach i teatrach najwa\u017cniejszych miast na \u015bwiecie: Londyn, Pary\u017c, Rzym, Moskwa, Buenos Aires, Mexico City, Lima, Santiago de Chile, Pekin, Hongkong, Stambu\u0142, Belgrad, Bratys\u0142awa, Madryt, Lizbona, Berlin.<\/p>\n\n\t\t<style type=\"text\/css\">\n\t\t\t#gallery-1 {\n\t\t\t\tmargin: auto;\n\t\t\t}\n\t\t\t#gallery-1 .gallery-item {\n\t\t\t\tfloat: left;\n\t\t\t\tmargin-top: 10px;\n\t\t\t\ttext-align: center;\n\t\t\t\twidth: 25%;\n\t\t\t}\n\t\t\t#gallery-1 img {\n\t\t\t\tborder: 2px solid #cfcfcf;\n\t\t\t}\n\t\t\t#gallery-1 .gallery-caption {\n\t\t\t\tmargin-left: 0;\n\t\t\t}\n\t\t\t\/* see gallery_shortcode() in wp-includes\/media.php *\/\n\t\t<\/style>\n\t\t<div id='gallery-1' class='gallery galleryid-19889 gallery-columns-4 gallery-size-medium'><dl class='gallery-item'>\n\t\t\t<dt class='gallery-icon landscape'>\n\t\t\t\t<a href='https:\/\/shalom.org.pl\/en\/aramalikian-live-11\/'><img decoding=\"async\" width=\"300\" height=\"200\" src=\"https:\/\/shalom.org.pl\/wp-content\/uploads\/2018\/06\/AraMalikian-live-11-1-300x200.jpg\" class=\"attachment-medium size-medium\" alt=\"\" srcset=\"https:\/\/shalom.org.pl\/wp-content\/uploads\/2018\/06\/AraMalikian-live-11-1-300x200.jpg 300w, https:\/\/shalom.org.pl\/wp-content\/uploads\/2018\/06\/AraMalikian-live-11-1-382x255.jpg 382w, https:\/\/shalom.org.pl\/wp-content\/uploads\/2018\/06\/AraMalikian-live-11-1-350x234.jpg 350w, https:\/\/shalom.org.pl\/wp-content\/uploads\/2018\/06\/AraMalikian-live-11-1.jpg 640w\" sizes=\"(max-width: 300px) 100vw, 300px\" \/><\/a>\n\t\t\t<\/dt><\/dl><dl class='gallery-item'>\n\t\t\t<dt class='gallery-icon landscape'>\n\t\t\t\t<a href='https:\/\/shalom.org.pl\/en\/event\/21-festiwal-kultury-zydowskiej-warszawa-singera-2\/ara_malikian_belchite_spain_2021_copyright_anton_corbijn_8\/'><img decoding=\"async\" width=\"300\" height=\"199\" src=\"https:\/\/shalom.org.pl\/wp-content\/uploads\/2024\/05\/Ara_Malikian_Belchite_Spain_2021_Copyright_Anton_Corbijn_8-300x199.jpg\" class=\"attachment-medium size-medium\" alt=\"\" srcset=\"https:\/\/shalom.org.pl\/wp-content\/uploads\/2024\/05\/Ara_Malikian_Belchite_Spain_2021_Copyright_Anton_Corbijn_8-300x199.jpg 300w, https:\/\/shalom.org.pl\/wp-content\/uploads\/2024\/05\/Ara_Malikian_Belchite_Spain_2021_Copyright_Anton_Corbijn_8-1024x679.jpg 1024w, https:\/\/shalom.org.pl\/wp-content\/uploads\/2024\/05\/Ara_Malikian_Belchite_Spain_2021_Copyright_Anton_Corbijn_8-768x509.jpg 768w, https:\/\/shalom.org.pl\/wp-content\/uploads\/2024\/05\/Ara_Malikian_Belchite_Spain_2021_Copyright_Anton_Corbijn_8-1536x1019.jpg 1536w, https:\/\/shalom.org.pl\/wp-content\/uploads\/2024\/05\/Ara_Malikian_Belchite_Spain_2021_Copyright_Anton_Corbijn_8-2048x1359.jpg 2048w, https:\/\/shalom.org.pl\/wp-content\/uploads\/2024\/05\/Ara_Malikian_Belchite_Spain_2021_Copyright_Anton_Corbijn_8-384x255.jpg 384w, https:\/\/shalom.org.pl\/wp-content\/uploads\/2024\/05\/Ara_Malikian_Belchite_Spain_2021_Copyright_Anton_Corbijn_8-350x232.jpg 350w\" sizes=\"(max-width: 300px) 100vw, 300px\" \/><\/a>\n\t\t\t<\/dt><\/dl><dl class='gallery-item'>\n\t\t\t<dt class='gallery-icon landscape'>\n\t\t\t\t<a href='https:\/\/shalom.org.pl\/en\/event\/21-festiwal-kultury-zydowskiej-warszawa-singera-2\/aramalikian-christian-hors\/'><img loading=\"lazy\" decoding=\"async\" width=\"300\" height=\"101\" src=\"https:\/\/shalom.org.pl\/wp-content\/uploads\/2024\/05\/AraMalikian-christian-Hors-scaled-e1721673397895-300x101.jpeg\" class=\"attachment-medium size-medium\" alt=\"\" srcset=\"https:\/\/shalom.org.pl\/wp-content\/uploads\/2024\/05\/AraMalikian-christian-Hors-scaled-e1721673397895-300x101.jpeg 300w, https:\/\/shalom.org.pl\/wp-content\/uploads\/2024\/05\/AraMalikian-christian-Hors-scaled-e1721673397895-1024x346.jpeg 1024w, https:\/\/shalom.org.pl\/wp-content\/uploads\/2024\/05\/AraMalikian-christian-Hors-scaled-e1721673397895-768x260.jpeg 768w, https:\/\/shalom.org.pl\/wp-content\/uploads\/2024\/05\/AraMalikian-christian-Hors-scaled-e1721673397895-1536x519.jpeg 1536w, https:\/\/shalom.org.pl\/wp-content\/uploads\/2024\/05\/AraMalikian-christian-Hors-scaled-e1721673397895-2048x692.jpeg 2048w, https:\/\/shalom.org.pl\/wp-content\/uploads\/2024\/05\/AraMalikian-christian-Hors-scaled-e1721673397895-498x168.jpeg 498w, https:\/\/shalom.org.pl\/wp-content\/uploads\/2024\/05\/AraMalikian-christian-Hors-scaled-e1721673397895-350x118.jpeg 350w\" sizes=\"(max-width: 300px) 100vw, 300px\" \/><\/a>\n\t\t\t<\/dt><\/dl><dl class='gallery-item'>\n\t\t\t<dt class='gallery-icon landscape'>\n\t\t\t\t<a href='https:\/\/shalom.org.pl\/en\/event\/21-festiwal-kultury-zydowskiej-warszawa-singera-2\/ara-malikian-riobabel-patry__yeah-10\/'><img loading=\"lazy\" decoding=\"async\" width=\"300\" height=\"200\" src=\"https:\/\/shalom.org.pl\/wp-content\/uploads\/2024\/05\/Ara-Malikian-RioBabel-@PATRY__YEAH-10-300x200.jpg\" class=\"attachment-medium size-medium\" alt=\"\" srcset=\"https:\/\/shalom.org.pl\/wp-content\/uploads\/2024\/05\/Ara-Malikian-RioBabel-@PATRY__YEAH-10-300x200.jpg 300w, https:\/\/shalom.org.pl\/wp-content\/uploads\/2024\/05\/Ara-Malikian-RioBabel-@PATRY__YEAH-10-1024x683.jpg 1024w, https:\/\/shalom.org.pl\/wp-content\/uploads\/2024\/05\/Ara-Malikian-RioBabel-@PATRY__YEAH-10-768x512.jpg 768w, https:\/\/shalom.org.pl\/wp-content\/uploads\/2024\/05\/Ara-Malikian-RioBabel-@PATRY__YEAH-10-1536x1024.jpg 1536w, https:\/\/shalom.org.pl\/wp-content\/uploads\/2024\/05\/Ara-Malikian-RioBabel-@PATRY__YEAH-10-2048x1365.jpg 2048w, https:\/\/shalom.org.pl\/wp-content\/uploads\/2024\/05\/Ara-Malikian-RioBabel-@PATRY__YEAH-10-383x255.jpg 383w, https:\/\/shalom.org.pl\/wp-content\/uploads\/2024\/05\/Ara-Malikian-RioBabel-@PATRY__YEAH-10-350x233.jpg 350w\" sizes=\"(max-width: 300px) 100vw, 300px\" \/><\/a>\n\t\t\t<\/dt><\/dl><br style=\"clear: both\" \/>\n\t\t<\/div>\n\n<p>W 2019 roku, wraz z wydaniem jego najnowszego albumu &#8220;Royal Garage&#8221;, kt\u00f3ry zawiera wsp\u00f3\u0142prac\u0119 z takimi artystami jak Andr\u00e9s Calamaro, Enrique Bunbury i Serj Tankian, rozpoczyna si\u0119 jego nowa trasa koncertowa Royal Garage World Tour. Jego ostatnia trasa koncertowa Petit Garage, b\u0119d\u0105ca wynikiem \u015bwiatowej pandemii i poprzedniej trasy Royal Garagetour, zosta\u0142a przekszta\u0142cona w koncert fortepianowy i skrzypcowy z bardziej ograniczonymi miejscami pe\u0142nymi publiczno\u015bci. Wyj\u0105tkowy, intymny i osobisty koncert, kt\u00f3ry zabra\u0142 nas w podr\u00f3\u017c po \u015bwiecie, od Opery w Dubaju po Michoac\u00e1n w Meksyku i Pa\u0142ac Kr\u00f3lewski w Madrycie.<\/p>\n<p>&nbsp;<\/p>\n<p>&nbsp;<\/p>\n<hr>\n<p><span style=\"font-size: 10pt;\"><strong>Teatr Wielki \u2013 Opera Narodowa, Plac Teatralny 1, Sala Moniuszki<\/strong><\/span><\/p>\n<p>Bilety \u2013 strefa I: 150 PLN, strefa II: 100 PLN, strefa III: 80 PLN, strefa IV: 60 PLN, strefa V: 50 PLN, strefa VI: 30 PLN \u2013 do nabycia na: www.kicket.com\/warszawa, www.teatr-zydowski.art.pl, w Biurze Organizacji Widowni tel. 48 602 534 270; 22 850 64 50 lub 51 oraz w kasach Teatru \u017bydowskiego: przy ul. Senatorskiej 35, tel. 22 850 64 35 lub w Klubie Dow\u00f3dztwa Garnizonu Warszawa, al. Niepodleg\u0142o\u015bci 141a, tel. 22 850 56 56 oraz w kasach Teatru Wielkiego \u2013 Opery Narodowej i na stronie www.teatrwielki.pl<\/p>\n<hr>\n<p><span style=\"font-size: 10pt;\"><em>Partner koncertu: Teatr Wielki \u2013 Opera Narodowa<\/em><\/span><\/p>\n<p><img loading=\"lazy\" decoding=\"async\" class=\"alignnone wp-image-13664\" src=\"http:\/\/shalom.org.pl\/wp-content\/uploads\/2021\/06\/TWON_logo_POZYTYW-300x300.jpg\" alt=\"\" width=\"171\" height=\"171\"><\/p>\n","protected":false},"excerpt":{"rendered":"<p>Uroczyste zamkni\u0119cie festiwalu \u2013 koncert: ARA MALIKIAN z zespo\u0142em |ES| Koncert po\u015bwi\u0119cony pami\u0119ci Pana Zygmunta Rolata Wyst\u0105pi\u0105: Ara Malikian (skrzypce) [&hellip;]<\/p>\n","protected":false},"author":8,"featured_media":0,"comment_status":"open","ping_status":"open","sticky":false,"template":"","format":"standard","meta":{"_acf_changed":false,"ngg_post_thumbnail":0,"footnotes":""},"categories":[53],"tags":[71],"class_list":["post-19889","post","type-post","status-publish","format-standard","hentry","category-program","tag-koncert"],"acf":[],"_links":{"self":[{"href":"https:\/\/shalom.org.pl\/en\/wp-json\/wp\/v2\/posts\/19889","targetHints":{"allow":["GET"]}}],"collection":[{"href":"https:\/\/shalom.org.pl\/en\/wp-json\/wp\/v2\/posts"}],"about":[{"href":"https:\/\/shalom.org.pl\/en\/wp-json\/wp\/v2\/types\/post"}],"author":[{"embeddable":true,"href":"https:\/\/shalom.org.pl\/en\/wp-json\/wp\/v2\/users\/8"}],"replies":[{"embeddable":true,"href":"https:\/\/shalom.org.pl\/en\/wp-json\/wp\/v2\/comments?post=19889"}],"version-history":[{"count":5,"href":"https:\/\/shalom.org.pl\/en\/wp-json\/wp\/v2\/posts\/19889\/revisions"}],"predecessor-version":[{"id":20848,"href":"https:\/\/shalom.org.pl\/en\/wp-json\/wp\/v2\/posts\/19889\/revisions\/20848"}],"wp:attachment":[{"href":"https:\/\/shalom.org.pl\/en\/wp-json\/wp\/v2\/media?parent=19889"}],"wp:term":[{"taxonomy":"category","embeddable":true,"href":"https:\/\/shalom.org.pl\/en\/wp-json\/wp\/v2\/categories?post=19889"},{"taxonomy":"post_tag","embeddable":true,"href":"https:\/\/shalom.org.pl\/en\/wp-json\/wp\/v2\/tags?post=19889"}],"curies":[{"name":"wp","href":"https:\/\/api.w.org\/{rel}","templated":true}]}}