{"id":19653,"date":"2024-06-29T13:41:52","date_gmt":"2024-06-29T11:41:52","guid":{"rendered":"https:\/\/shalom.org.pl\/?p=19653"},"modified":"2024-07-01T12:10:17","modified_gmt":"2024-07-01T10:10:17","slug":"koncert-przesiadki-janusz-tencer-pl-se","status":"publish","type":"post","link":"https:\/\/shalom.org.pl\/en\/koncert-przesiadki-janusz-tencer-pl-se\/","title":{"rendered":"Koncert: \u201ePRZESIADKI\u201d | JANUSZ TENCER |PL\/SE|"},"content":{"rendered":"<h3><strong>Koncert JANUSZA TENCERA \u201ePRZESIADKI\u201d<\/strong><\/h3>\n<p>Wyst\u0105pi\u0105: <strong>Janusz Tencer <\/strong>(autor tekst\u00f3w, \u015bpiew) oraz ch\u00f3rek w sk\u0142adzie: <strong>Maria Tencer<\/strong>, <strong>Gwidon Jakowlew<\/strong>, <strong>Ben Erlich<\/strong><\/p>\n<p><strong>Janusz Tencer<\/strong> od lat wykonuje repertuar \u017cydowski, hebrajski i polski, a tak\u017ce pisze polskie teksty piosenek do tradycyjnych \u017cydowskich melodii i do wsp\u00f3\u0142czesnych szlagier\u00f3w \u017cydowskich kompozytor\u00f3w. \u015apiewa\u0142 w zespole \u201eThe Glickers\u201d, przez ostatnich&nbsp; kilkana\u015bcie lat wyst\u0119powa\u0142 solo wraz ze swoj\u0105 sta\u0142\u0105 akompaniatork\u0105, Magdalen\u0105 Stoltz. Wyst\u0119powa\u0142 w Polsce, Szwecji, Danii, Norwegii i Niemczech, ma na swoim koncie solowy album \u201e\u017bydowski Krawiec i inne\u201d. Jest znany publiczno\u015bci festiwalowej&nbsp; z wyst\u0119p\u00f3w, w kt\u00f3rych humor miesza si\u0119 z poezj\u0105 i wzruszeniem. &nbsp;<\/p>\n<p><img fetchpriority=\"high\" decoding=\"async\" class=\"alignnone size-medium wp-image-15978\" src=\"https:\/\/shalom.org.pl\/wp-content\/uploads\/2022\/06\/Janusz-Tencer_Fot.-Eric-Tencer-300x300.jpg\" alt=\"\" width=\"300\" height=\"300\" srcset=\"https:\/\/shalom.org.pl\/wp-content\/uploads\/2022\/06\/Janusz-Tencer_Fot.-Eric-Tencer-300x300.jpg 300w, https:\/\/shalom.org.pl\/wp-content\/uploads\/2022\/06\/Janusz-Tencer_Fot.-Eric-Tencer-768x768.jpg 768w, https:\/\/shalom.org.pl\/wp-content\/uploads\/2022\/06\/Janusz-Tencer_Fot.-Eric-Tencer-255x255.jpg 255w, https:\/\/shalom.org.pl\/wp-content\/uploads\/2022\/06\/Janusz-Tencer_Fot.-Eric-Tencer-350x350.jpg 350w, https:\/\/shalom.org.pl\/wp-content\/uploads\/2022\/06\/Janusz-Tencer_Fot.-Eric-Tencer.jpg 1020w\" sizes=\"(max-width: 300px) 100vw, 300px\" \/><\/p>\n<p>Janusz Tencer jest zwi\u0105zany z Fundacj\u0105 Shalom&nbsp; od chwili jej powstania, a od kilku lat pe\u0142ni funkcj\u0119 przewodniczego zarz\u0105du. Jest tak\u017ce autorem ksi\u0105\u017cki o \u017cydowskim \u017cyciu w powojennej \u0141odzi \u201eW kuchni Mamy Soni\u201d, kt\u00f3ra powsta\u0142a wed\u0142ug pomys\u0142u Go\u0142dy Tencer. &nbsp;<\/p>\n<p>Z zawodu &nbsp;lekarz nefrolog, doktor habilitowany i autor ponad trzydziestu artyku\u0142\u00f3w naukowych i ksi\u0105\u017cek, mieszka i pracuje w Szwecji. Jest ordynatorem kliniki nefrologicznej szpitala uniwersyteckiego w Lund. R\u00f3wnocze\u015bnie prowadzi warszawskie centrum medyczne MediCenter.<\/p>\n<hr>\n<p><span style=\"font-size: 10pt;\"><strong>Teatr Kwadrat, ul. Marsza\u0142kowska 138 \u2013 Scena Kameralna im. Jana Kobuszewskiego<\/strong><\/span><\/p>\n<p>Bilety: 60\/50 PLN (ulgowy) \u2013 do nabycia na: www.kicket.com\/warszawa, www.teatr-zydowski.art.pl, w Biurze Organizacji Widowni tel. 48 602 534 270; 22 850 64 50 lub 51 oraz w kasach Teatru \u017bydowskiego: przy ul. Senatorskiej 35, tel. 22 850 64 35 lub w Klubie Dow\u00f3dztwa Garnizonu Warszawa, al. Niepodleg\u0142o\u015bci 141a, tel. 22 850 56 56<\/p>\n<p>&nbsp;<\/p>\n","protected":false},"excerpt":{"rendered":"<p>Koncert JANUSZA TENCERA \u201ePRZESIADKI\u201d Wyst\u0105pi\u0105: Janusz Tencer (autor tekst\u00f3w, \u015bpiew) oraz ch\u00f3rek w sk\u0142adzie: Maria Tencer, Gwidon Jakowlew, Ben Erlich [&hellip;]<\/p>\n","protected":false},"author":8,"featured_media":0,"comment_status":"open","ping_status":"open","sticky":false,"template":"","format":"standard","meta":{"_acf_changed":false,"ngg_post_thumbnail":0,"footnotes":""},"categories":[53],"tags":[71],"class_list":["post-19653","post","type-post","status-publish","format-standard","hentry","category-program","tag-koncert"],"acf":[],"_links":{"self":[{"href":"https:\/\/shalom.org.pl\/en\/wp-json\/wp\/v2\/posts\/19653","targetHints":{"allow":["GET"]}}],"collection":[{"href":"https:\/\/shalom.org.pl\/en\/wp-json\/wp\/v2\/posts"}],"about":[{"href":"https:\/\/shalom.org.pl\/en\/wp-json\/wp\/v2\/types\/post"}],"author":[{"embeddable":true,"href":"https:\/\/shalom.org.pl\/en\/wp-json\/wp\/v2\/users\/8"}],"replies":[{"embeddable":true,"href":"https:\/\/shalom.org.pl\/en\/wp-json\/wp\/v2\/comments?post=19653"}],"version-history":[{"count":3,"href":"https:\/\/shalom.org.pl\/en\/wp-json\/wp\/v2\/posts\/19653\/revisions"}],"predecessor-version":[{"id":19656,"href":"https:\/\/shalom.org.pl\/en\/wp-json\/wp\/v2\/posts\/19653\/revisions\/19656"}],"wp:attachment":[{"href":"https:\/\/shalom.org.pl\/en\/wp-json\/wp\/v2\/media?parent=19653"}],"wp:term":[{"taxonomy":"category","embeddable":true,"href":"https:\/\/shalom.org.pl\/en\/wp-json\/wp\/v2\/categories?post=19653"},{"taxonomy":"post_tag","embeddable":true,"href":"https:\/\/shalom.org.pl\/en\/wp-json\/wp\/v2\/tags?post=19653"}],"curies":[{"name":"wp","href":"https:\/\/api.w.org\/{rel}","templated":true}]}}