{"id":18512,"date":"2023-08-18T14:47:50","date_gmt":"2023-08-18T12:47:50","guid":{"rendered":"http:\/\/shalom.org.pl\/?p=18512"},"modified":"2023-08-18T14:47:50","modified_gmt":"2023-08-18T12:47:50","slug":"szymon-szurmiej-historyczna-dyrekcja-wyklad-rafala-dajbora","status":"publish","type":"post","link":"https:\/\/shalom.org.pl\/en\/szymon-szurmiej-historyczna-dyrekcja-wyklad-rafala-dajbora\/","title":{"rendered":"\u201eSzymon Szurmiej \u2013 historyczna dyrekcja\u201d \u2013 wyk\u0142ad Rafa\u0142a Dajbora"},"content":{"rendered":"<h3>\u201eSzymon Szurmiej \u2013 historyczna dyrekcja\u201d \u2013 wyk\u0142ad Rafa\u0142a Dajbora<\/h3>\n<p>W tym roku ko\u0144czy\u0142by 100 lat. Po\u015br\u00f3d czworga dyrektor\u00f3w powojennego Teatru \u017bydowskiego &#8211; kierowa\u0142 tym teatrem najd\u0142u\u017cej. Szymon Szurmiej \u0142\u0105czy\u0142 swoj\u0105 dyrekcj\u0105 legendarne czasy Idy Kami\u0144skiej ze wsp\u00f3\u0142czesno\u015bci\u0105. Na wyk\u0142adzie poznamy historyczne konteksty jego dyrekcji, przyjrzymy si\u0119 jak Szurmiej kontynuowa\u0142 dzie\u0142o Kami\u0144skiej, a tak\u017ce w jaki spos\u00f3b jego nast\u0119pczyni, Go\u0142da Tencer, &#8220;wietrz\u0105c teatr, ale nie robi\u0105c przeci\u0105gu&#8221;, jak sama to okre\u015bli\u0142a, \u0142\u0105czy tradycj\u0119 z nowoczesno\u015bci\u0105.<\/p>\n<hr>\n<p><span style=\"font-size: 10pt;\"><strong>Austriackie Forum Kultury<\/strong><strong>, ul. Pr\u00f3\u017cna 7\/9<\/strong><\/span><\/p>\n<p><span style=\"font-size: 10pt;\">Wst\u0119p wolny, miejsca nie s\u0105 numerowane<\/span><\/p>\n<p>&nbsp;<\/p>\n","protected":false},"excerpt":{"rendered":"<p>\u201eSzymon Szurmiej \u2013 historyczna dyrekcja\u201d \u2013 wyk\u0142ad Rafa\u0142a Dajbora W tym roku ko\u0144czy\u0142by 100 lat. Po\u015br\u00f3d czworga dyrektor\u00f3w powojennego Teatru [&hellip;]<\/p>\n","protected":false},"author":5,"featured_media":0,"comment_status":"open","ping_status":"open","sticky":false,"template":"","format":"standard","meta":{"_acf_changed":false,"ngg_post_thumbnail":0,"footnotes":""},"categories":[53],"tags":[73],"class_list":["post-18512","post","type-post","status-publish","format-standard","hentry","category-program","tag-salon-literacki"],"acf":[],"_links":{"self":[{"href":"https:\/\/shalom.org.pl\/en\/wp-json\/wp\/v2\/posts\/18512","targetHints":{"allow":["GET"]}}],"collection":[{"href":"https:\/\/shalom.org.pl\/en\/wp-json\/wp\/v2\/posts"}],"about":[{"href":"https:\/\/shalom.org.pl\/en\/wp-json\/wp\/v2\/types\/post"}],"author":[{"embeddable":true,"href":"https:\/\/shalom.org.pl\/en\/wp-json\/wp\/v2\/users\/5"}],"replies":[{"embeddable":true,"href":"https:\/\/shalom.org.pl\/en\/wp-json\/wp\/v2\/comments?post=18512"}],"version-history":[{"count":1,"href":"https:\/\/shalom.org.pl\/en\/wp-json\/wp\/v2\/posts\/18512\/revisions"}],"predecessor-version":[{"id":18513,"href":"https:\/\/shalom.org.pl\/en\/wp-json\/wp\/v2\/posts\/18512\/revisions\/18513"}],"wp:attachment":[{"href":"https:\/\/shalom.org.pl\/en\/wp-json\/wp\/v2\/media?parent=18512"}],"wp:term":[{"taxonomy":"category","embeddable":true,"href":"https:\/\/shalom.org.pl\/en\/wp-json\/wp\/v2\/categories?post=18512"},{"taxonomy":"post_tag","embeddable":true,"href":"https:\/\/shalom.org.pl\/en\/wp-json\/wp\/v2\/tags?post=18512"}],"curies":[{"name":"wp","href":"https:\/\/api.w.org\/{rel}","templated":true}]}}