{"id":18282,"date":"2023-07-26T08:08:23","date_gmt":"2023-07-26T06:08:23","guid":{"rendered":"http:\/\/shalom.org.pl\/?p=18282"},"modified":"2023-07-26T08:20:40","modified_gmt":"2023-07-26T06:20:40","slug":"feta-w-ckj-miedzygalaktyczny-miedzypokoleniowy-szalony-i-zabawny-turniej-wiedzy-o-polskim-kinie-poprowadzenie-rafal-dajbor","status":"publish","type":"post","link":"https:\/\/shalom.org.pl\/en\/feta-w-ckj-miedzygalaktyczny-miedzypokoleniowy-szalony-i-zabawny-turniej-wiedzy-o-polskim-kinie-poprowadzenie-rafal-dajbor\/","title":{"rendered":"Feta w Centrum Kultury Jidysz: Mi\u0119dzygalaktyczny, mi\u0119dzypokoleniowy, szalony i zabawny turniej wiedzy o polskim kinie \u2013 poprowadzenie: Rafa\u0142 Dajbor"},"content":{"rendered":"<p><span style=\"font-size: 14pt; color: #9472d4;\"><strong>godz. 12:00-18:00 <\/strong><\/span><\/p>\n<hr>\n<h3><span style=\"color: #9472d4;\"><strong>godz. 14:00-15:00 <\/strong><\/span><strong>Mi\u0119dzygalaktyczny, mi\u0119dzypokoleniowy, szalony i zabawny turniej wiedzy o polskim kinie \u2013 <\/strong>wcielaj\u0105c si\u0119 w r\u00f3\u017cne role, turniej poprowadzi<strong>&nbsp;Rafa\u0142 Dajbor<\/strong><\/h3>\n<p>&nbsp;<\/p>\n<hr>\n<p><strong>Pozosta\u0142e punkty programu:<\/strong><\/p>\n<p><strong><span style=\"color: #9472d4;\">godz. 12:00-14:00&nbsp;<\/span>\u201eProjektujemy parochety\u201d \u2013 warsztat i wyk\u0142ad Moniki Krajewskiej <\/strong>nt. kola\u017cu z u\u017cyciem tkanin<\/p>\n<p><span style=\"color: #9472d4;\"><strong>godz. 15:00-17:00 <\/strong><\/span><strong>\u201eEc Chaim \u2013 Drzewo \u017bycia\u201d <\/strong>\u2013 plener malarski <strong>Anny Marii Czubaczy\u0144skiej<\/strong><\/p>\n<p><span style=\"color: #9472d4;\"><strong>godz. 15:00-16:00 <\/strong><\/span><strong>Warsztaty zapomnianych przedwojennych piosenek \u017cydowskich kompozytor\u00f3w i autor\u00f3w tekst\u00f3w<\/strong> \u2013 z nieod\u0142\u0105cznym akordeonem, poprowadzi <strong>Robert Lipka<\/strong><\/p>\n<p><span style=\"color: #9472d4;\"><strong>godz. 16:00-17:00 <span style=\"color: #000000;\">Koncert mini orkiestry warsztatowej Roberta Lipki<\/span><\/strong><\/span><\/p>\n<p><span style=\"color: #9472d4;\"><strong>godz. 17:00-18:00 <\/strong><\/span><strong>Warsztaty ta\u0144ca izraelskiego<\/strong>, czyli cieszmy si\u0119 ta\u0144cem z <strong>Monik\u0105 Leszczy\u0144sk\u0105<\/strong><\/p>\n<p>Wi\u0119cej informacji na stronie <a href=\"http:\/\/jidyszland.pl\/pl\/\">www.jidyszland.pl<\/a><\/p>\n<h3>&nbsp;<\/h3>\n<hr>\n<p><span style=\"font-size: 10pt;\"><strong>Centrum Kultury Jidysz, ul. Andersa 15<\/strong><\/span><\/p>\n<p style=\"text-align: justify; margin: 4.0pt 0cm 0cm 0cm;\"><span style=\"font-size: 10pt; font-family: georgia, palatino, serif;\">Na wszystkie wydarzenia obowi\u0105zuj\u0105 zapisy od 14 do 27 sierpnia na: utw@jidysz.org.pl, liczba miejsc ograniczona<\/span><\/p>\n<p>&nbsp;<\/p>\n","protected":false},"excerpt":{"rendered":"<p>godz. 12:00-18:00 godz. 14:00-15:00 Mi\u0119dzygalaktyczny, mi\u0119dzypokoleniowy, szalony i zabawny turniej wiedzy o polskim kinie \u2013 wcielaj\u0105c si\u0119 w r\u00f3\u017cne role, [&hellip;]<\/p>\n","protected":false},"author":5,"featured_media":0,"comment_status":"open","ping_status":"open","sticky":false,"template":"","format":"standard","meta":{"_acf_changed":false,"ngg_post_thumbnail":0,"footnotes":""},"categories":[53],"tags":[89],"class_list":["post-18282","post","type-post","status-publish","format-standard","hentry","category-program","tag-warsztaty"],"acf":[],"_links":{"self":[{"href":"https:\/\/shalom.org.pl\/en\/wp-json\/wp\/v2\/posts\/18282","targetHints":{"allow":["GET"]}}],"collection":[{"href":"https:\/\/shalom.org.pl\/en\/wp-json\/wp\/v2\/posts"}],"about":[{"href":"https:\/\/shalom.org.pl\/en\/wp-json\/wp\/v2\/types\/post"}],"author":[{"embeddable":true,"href":"https:\/\/shalom.org.pl\/en\/wp-json\/wp\/v2\/users\/5"}],"replies":[{"embeddable":true,"href":"https:\/\/shalom.org.pl\/en\/wp-json\/wp\/v2\/comments?post=18282"}],"version-history":[{"count":2,"href":"https:\/\/shalom.org.pl\/en\/wp-json\/wp\/v2\/posts\/18282\/revisions"}],"predecessor-version":[{"id":18301,"href":"https:\/\/shalom.org.pl\/en\/wp-json\/wp\/v2\/posts\/18282\/revisions\/18301"}],"wp:attachment":[{"href":"https:\/\/shalom.org.pl\/en\/wp-json\/wp\/v2\/media?parent=18282"}],"wp:term":[{"taxonomy":"category","embeddable":true,"href":"https:\/\/shalom.org.pl\/en\/wp-json\/wp\/v2\/categories?post=18282"},{"taxonomy":"post_tag","embeddable":true,"href":"https:\/\/shalom.org.pl\/en\/wp-json\/wp\/v2\/tags?post=18282"}],"curies":[{"name":"wp","href":"https:\/\/api.w.org\/{rel}","templated":true}]}}