{"id":18187,"date":"2023-07-16T18:09:08","date_gmt":"2023-07-16T16:09:08","guid":{"rendered":"http:\/\/shalom.org.pl\/?p=18187"},"modified":"2023-07-16T18:13:52","modified_gmt":"2023-07-16T16:13:52","slug":"radzymin-koncert-siostry-rajfer-pl-il-lechaim-za-zycie","status":"publish","type":"post","link":"https:\/\/shalom.org.pl\/en\/radzymin-koncert-siostry-rajfer-pl-il-lechaim-za-zycie\/","title":{"rendered":"RADZYMIN \/\/ Koncert | SIOSTRY RAJFER |PL\/IL|: \u201eLechaim. Za \u017cycie\u201d"},"content":{"rendered":"<hr>\n<h3><span style=\"color: #8764bd;\"><strong><em>Festiwal Warszawa Singera w Radzyminie<\/em><\/strong><\/span><\/h3>\n<hr>\n<h3><strong>Koncert | SIOSTRY RAJFER <\/strong>|PL\/IL|<strong>: \u201eLechaim. Za \u017cycie\u201d<\/strong><\/h3>\n<p>Siostry Rajfer to pe\u0142ne uroku i temperamentu scenicznego artystki, bli\u017aniaczki <strong>Czes\u0142awa i Zofia Rajfer, <\/strong>kt\u00f3re urodzi\u0142y si\u0119 w Polsce, od 1990 roku mieszkaj\u0105 w Izraelu, a wyst\u0119puj\u0105 m.in. w Stanach Zjednoczonych, Kanadzie, Wielkiej Brytanii, Francji, Grecji, Niemczech i we W\u0142oszech.&nbsp;<\/p>\n<div id=\"attachment_17606\" style=\"width: 610px\" class=\"wp-caption alignnone\"><img fetchpriority=\"high\" decoding=\"async\" aria-describedby=\"caption-attachment-17606\" class=\"wp-image-17606\" src=\"http:\/\/shalom.org.pl\/wp-content\/uploads\/2023\/06\/siostry-rajfer-na-placu-grzybowskim-300x200.jpg\" alt=\"\" width=\"600\" height=\"400\" srcset=\"https:\/\/shalom.org.pl\/wp-content\/uploads\/2023\/06\/siostry-rajfer-na-placu-grzybowskim-300x200.jpg 300w, https:\/\/shalom.org.pl\/wp-content\/uploads\/2023\/06\/siostry-rajfer-na-placu-grzybowskim-768x512.jpg 768w, https:\/\/shalom.org.pl\/wp-content\/uploads\/2023\/06\/siostry-rajfer-na-placu-grzybowskim-1024x683.jpg 1024w, https:\/\/shalom.org.pl\/wp-content\/uploads\/2023\/06\/siostry-rajfer-na-placu-grzybowskim-383x255.jpg 383w, https:\/\/shalom.org.pl\/wp-content\/uploads\/2023\/06\/siostry-rajfer-na-placu-grzybowskim-350x233.jpg 350w\" sizes=\"(max-width: 600px) 100vw, 600px\" \/><p id=\"caption-attachment-17606\" class=\"wp-caption-text\">fot. z archiwum organizatora<\/p><\/div>\n<p>Podczas koncertu b\u0119dzie mo\u017cna zakupi\u0107 ksi\u0105\u017ck\u0119 autobiograficzn\u0105 \u201eLechaim. Za \u017cycie\u201d Zofii Rajfer. Ksi\u0105\u017cka to emocjonalna mieszanka wspomnie\u0144. Znajdziemy w niej prawdziwe \u017cycie, zabawne sytuacje, ale r\u00f3wnie\u017c wzruszaj\u0105ce chwile. Tradycje \u017cydowskie i owiany tabu \u015bwiat romski. Ksi\u0105\u017cka jest dowodem na to, \u017ce ka\u017cda chwila, niezale\u017cnie od tego, czy jest s\u0142odka czy gorzka, jest cz\u0119\u015bci\u0105 pi\u0119kna jakim jest \u017cycie.<\/p>\n<hr>\n<p><span style=\"font-size: 10pt;\"><strong>Tarasy Domku Ogrodnika Parku Ksi\u0119\u017cnej Eleonory Czartoryskiej, ul. 11 Listopada 4<\/strong><\/span><\/p>\n<p><span style=\"font-size: 10pt;\">Wst\u0119p wolny<\/span><\/p>\n<p><span style=\"font-size: 10pt;\">(Uwaga: W przypadku z\u0142ych warunk\u00f3w atmosferycznych koncert odb\u0119dzie si\u0119 w Sali Koncertowej w Radzyminie, ul. Konstytucji 3 Maja 15 \u2013 szczeg\u00f3\u0142owe informacje www.cogdziekiedy.radzymin.pl)<\/span><\/p>\n<hr>\n<p><span style=\"font-size: 10pt;\"><em>Wydarzenie towarzysz\u0105ce zorganizowane we wsp\u00f3\u0142pracy z Urz\u0119dem Miasta i Gminy Radzymin oraz Bibliotek\u0105 Publiczn\u0105 Miasta i Gminy Radzymin<\/em><\/span><\/p>\n","protected":false},"excerpt":{"rendered":"<p>Festiwal Warszawa Singera w Radzyminie Koncert | SIOSTRY RAJFER |PL\/IL|: \u201eLechaim. Za \u017cycie\u201d Siostry Rajfer to pe\u0142ne uroku i temperamentu [&hellip;]<\/p>\n","protected":false},"author":5,"featured_media":0,"comment_status":"open","ping_status":"open","sticky":false,"template":"","format":"standard","meta":{"_acf_changed":false,"ngg_post_thumbnail":0,"footnotes":""},"categories":[53],"tags":[71],"class_list":["post-18187","post","type-post","status-publish","format-standard","hentry","category-program","tag-koncert"],"acf":[],"_links":{"self":[{"href":"https:\/\/shalom.org.pl\/en\/wp-json\/wp\/v2\/posts\/18187","targetHints":{"allow":["GET"]}}],"collection":[{"href":"https:\/\/shalom.org.pl\/en\/wp-json\/wp\/v2\/posts"}],"about":[{"href":"https:\/\/shalom.org.pl\/en\/wp-json\/wp\/v2\/types\/post"}],"author":[{"embeddable":true,"href":"https:\/\/shalom.org.pl\/en\/wp-json\/wp\/v2\/users\/5"}],"replies":[{"embeddable":true,"href":"https:\/\/shalom.org.pl\/en\/wp-json\/wp\/v2\/comments?post=18187"}],"version-history":[{"count":3,"href":"https:\/\/shalom.org.pl\/en\/wp-json\/wp\/v2\/posts\/18187\/revisions"}],"predecessor-version":[{"id":18192,"href":"https:\/\/shalom.org.pl\/en\/wp-json\/wp\/v2\/posts\/18187\/revisions\/18192"}],"wp:attachment":[{"href":"https:\/\/shalom.org.pl\/en\/wp-json\/wp\/v2\/media?parent=18187"}],"wp:term":[{"taxonomy":"category","embeddable":true,"href":"https:\/\/shalom.org.pl\/en\/wp-json\/wp\/v2\/categories?post=18187"},{"taxonomy":"post_tag","embeddable":true,"href":"https:\/\/shalom.org.pl\/en\/wp-json\/wp\/v2\/tags?post=18187"}],"curies":[{"name":"wp","href":"https:\/\/api.w.org\/{rel}","templated":true}]}}