{"id":18134,"date":"2023-07-15T18:23:38","date_gmt":"2023-07-15T16:23:38","guid":{"rendered":"http:\/\/shalom.org.pl\/?p=18134"},"modified":"2023-08-22T22:57:55","modified_gmt":"2023-08-22T20:57:55","slug":"pokaz-filmu-dokumentalnego-i-spotkanie-z-rezyserka-dwie-flagi-rez-jolanta-kessler-polska-2023-65-min","status":"publish","type":"post","link":"https:\/\/shalom.org.pl\/en\/pokaz-filmu-dokumentalnego-i-spotkanie-z-rezyserka-dwie-flagi-rez-jolanta-kessler-polska-2023-65-min\/","title":{"rendered":"Pokaz filmu dokumentalnego i spotkanie z re\u017cyserk\u0105 | \u201eDwie Flagi\u201d, re\u017c. Jolanta Kessler (Polska 2023, 65 min)"},"content":{"rendered":"<h3><img fetchpriority=\"high\" decoding=\"async\" class=\"alignnone wp-image-18550 size-large\" src=\"http:\/\/shalom.org.pl\/wp-content\/uploads\/2023\/07\/MGW_banner_Festiwal_2023_1200x625px_Dwie_Flagi_v3-1024x533.jpg\" alt=\"\" width=\"1024\" height=\"533\" srcset=\"https:\/\/shalom.org.pl\/wp-content\/uploads\/2023\/07\/MGW_banner_Festiwal_2023_1200x625px_Dwie_Flagi_v3-1024x533.jpg 1024w, https:\/\/shalom.org.pl\/wp-content\/uploads\/2023\/07\/MGW_banner_Festiwal_2023_1200x625px_Dwie_Flagi_v3-300x156.jpg 300w, https:\/\/shalom.org.pl\/wp-content\/uploads\/2023\/07\/MGW_banner_Festiwal_2023_1200x625px_Dwie_Flagi_v3-768x400.jpg 768w, https:\/\/shalom.org.pl\/wp-content\/uploads\/2023\/07\/MGW_banner_Festiwal_2023_1200x625px_Dwie_Flagi_v3-490x255.jpg 490w, https:\/\/shalom.org.pl\/wp-content\/uploads\/2023\/07\/MGW_banner_Festiwal_2023_1200x625px_Dwie_Flagi_v3-350x182.jpg 350w\" sizes=\"(max-width: 1024px) 100vw, 1024px\" \/><\/h3>\n<h3>Pokaz filmu dokumentalnego i spotkanie z re\u017cyserk\u0105 | \u201eDwie Flagi\u201d, re\u017c. Jolanta Kessler (Polska 2023, 65 min)<\/h3>\n<p>Muzeum Getta Warszawskiego zaprasza na pokaz \u201eDw\u00f3ch Flag\u201d w re\u017cyserii Jolanty Kessler. Dokument opowiada o historii i walce \u017bydowskiego Zwi\u0105zku Wojskowego podczas powstania w getcie warszawskim w 1943 roku. Film zape\u0142nia \u201ebia\u0142e plamy\u201d dotycz\u0105ce tej organizacji, kt\u00f3ra mia\u0142a znacz\u0105cy udzia\u0142 w \u017cydowskim oporze zbrojnym podczas II wojny \u015bwiatowej. Opowie\u015b\u0107 jest zbudowana w oparciu o nagrania archiwalne bojowczy\u0144 i bojowc\u00f3w \u017bZW, nieznane dokumenty oraz unikatowe zdj\u0119cia pozyskane z archiw\u00f3w polskich i zagranicznych.<\/p>\n<p>Koproducentami filmu s\u0105 Muzeum Getta Warszawskiego oraz Ministerstwo Kultury i Dziedzictwa Narodowego i Filmoteka Narodowa \u2013 Instytut Audiowizualny. Producentem wykonawczym jest Grupa Filmowa.<\/p>\n<hr>\n<p><span style=\"font-size: 10pt;\"><strong>Kino Iluzjon, ul. Narbutta 50a<\/strong><\/span><\/p>\n<p><span style=\"font-size: 10pt;\">Wst\u0119p bezp\u0142atny, wej\u015bci\u00f3wki wydawane w kasie kina od 28 sierpnia do wyczerpania zapas\u00f3w<\/span><\/p>\n<hr>\n<p><span style=\"font-size: 10pt;\"><em>Wydarzenie towarzysz\u0105ce zorganizowane przez Muzeum Getta Warszawskiego<\/em><\/span><\/p>\n<p>&nbsp;<\/p>\n","protected":false},"excerpt":{"rendered":"<p>Pokaz filmu dokumentalnego i spotkanie z re\u017cyserk\u0105 | \u201eDwie Flagi\u201d, re\u017c. Jolanta Kessler (Polska 2023, 65 min) Muzeum Getta Warszawskiego [&hellip;]<\/p>\n","protected":false},"author":5,"featured_media":0,"comment_status":"open","ping_status":"open","sticky":false,"template":"","format":"standard","meta":{"_acf_changed":false,"ngg_post_thumbnail":0,"footnotes":""},"categories":[53],"tags":[402,75],"class_list":["post-18134","post","type-post","status-publish","format-standard","hentry","category-program","tag-pokaz-filmu","tag-spotkanie"],"acf":[],"_links":{"self":[{"href":"https:\/\/shalom.org.pl\/en\/wp-json\/wp\/v2\/posts\/18134","targetHints":{"allow":["GET"]}}],"collection":[{"href":"https:\/\/shalom.org.pl\/en\/wp-json\/wp\/v2\/posts"}],"about":[{"href":"https:\/\/shalom.org.pl\/en\/wp-json\/wp\/v2\/types\/post"}],"author":[{"embeddable":true,"href":"https:\/\/shalom.org.pl\/en\/wp-json\/wp\/v2\/users\/5"}],"replies":[{"embeddable":true,"href":"https:\/\/shalom.org.pl\/en\/wp-json\/wp\/v2\/comments?post=18134"}],"version-history":[{"count":4,"href":"https:\/\/shalom.org.pl\/en\/wp-json\/wp\/v2\/posts\/18134\/revisions"}],"predecessor-version":[{"id":18551,"href":"https:\/\/shalom.org.pl\/en\/wp-json\/wp\/v2\/posts\/18134\/revisions\/18551"}],"wp:attachment":[{"href":"https:\/\/shalom.org.pl\/en\/wp-json\/wp\/v2\/media?parent=18134"}],"wp:term":[{"taxonomy":"category","embeddable":true,"href":"https:\/\/shalom.org.pl\/en\/wp-json\/wp\/v2\/categories?post=18134"},{"taxonomy":"post_tag","embeddable":true,"href":"https:\/\/shalom.org.pl\/en\/wp-json\/wp\/v2\/tags?post=18134"}],"curies":[{"name":"wp","href":"https:\/\/api.w.org\/{rel}","templated":true}]}}