{"id":18132,"date":"2023-07-15T18:05:21","date_gmt":"2023-07-15T16:05:21","guid":{"rendered":"http:\/\/shalom.org.pl\/?p=18132"},"modified":"2023-08-22T23:00:22","modified_gmt":"2023-08-22T21:00:22","slug":"oprowadzanie-kuratorskie-po-wystawie-getto-plonie-na-placu-grzybowskim-prowadzenie-pawel-freus-kurator-wystawy-2","status":"publish","type":"post","link":"https:\/\/shalom.org.pl\/en\/oprowadzanie-kuratorskie-po-wystawie-getto-plonie-na-placu-grzybowskim-prowadzenie-pawel-freus-kurator-wystawy-2\/","title":{"rendered":"Oprowadzanie kuratorskie po wystawie \u201eGetto p\u0142onie\u201d na Placu Grzybowskim &#8211; prowadzenie: Pawe\u0142 Freus (Muzeum Getta Warszawskiego), kurator wystawy"},"content":{"rendered":"<h3><img fetchpriority=\"high\" decoding=\"async\" class=\"alignnone wp-image-18555 size-large\" src=\"http:\/\/shalom.org.pl\/wp-content\/uploads\/2023\/07\/MGW_banner_Festiwal_2023_1200x625px_Getto_Plonie_oprowadzenie_v3-1024x533.jpg\" alt=\"\" width=\"1024\" height=\"533\" srcset=\"https:\/\/shalom.org.pl\/wp-content\/uploads\/2023\/07\/MGW_banner_Festiwal_2023_1200x625px_Getto_Plonie_oprowadzenie_v3-1024x533.jpg 1024w, https:\/\/shalom.org.pl\/wp-content\/uploads\/2023\/07\/MGW_banner_Festiwal_2023_1200x625px_Getto_Plonie_oprowadzenie_v3-300x156.jpg 300w, https:\/\/shalom.org.pl\/wp-content\/uploads\/2023\/07\/MGW_banner_Festiwal_2023_1200x625px_Getto_Plonie_oprowadzenie_v3-768x400.jpg 768w, https:\/\/shalom.org.pl\/wp-content\/uploads\/2023\/07\/MGW_banner_Festiwal_2023_1200x625px_Getto_Plonie_oprowadzenie_v3-490x255.jpg 490w, https:\/\/shalom.org.pl\/wp-content\/uploads\/2023\/07\/MGW_banner_Festiwal_2023_1200x625px_Getto_Plonie_oprowadzenie_v3-350x182.jpg 350w\" sizes=\"(max-width: 1024px) 100vw, 1024px\" \/><\/h3>\n<h3><strong>Oprowadzanie kuratorskie po wystawie \u201eGetto p\u0142onie\u201d na Placu Grzybowskim <\/strong><\/h3>\n<p>Prowadzenie: <strong>Pawe\u0142 Freus <\/strong>(Muzeum Getta Warszawskiego),&nbsp;kurator wystawy<\/p>\n<p>Muzeum Getta Warszawskiego zaprasza na oprowadzanie kuratorskie po wystawie \u201eGetto p\u0142onie\u201d na Placu Grzybowskim. Wystawa powsta\u0142a w oparciu o komiks o tym samym tytule autorstwa Tomasza Bere\u017anickiego. Bere\u017anicki jako jeden z nielicznych na polskim rynku wydawniczym ukazuje histori\u0119 powstania w getcie warszawskim w formie komiksu. Jego publikacja jest tym bardziej niezwyk\u0142a, \u017ce dramat bojownik\u00f3w i bojowniczek getta poznajemy, \u015bledz\u0105c losy trzech m\u0142odych \u017byd\u00f3wek \u2013 kole\u017canek z podw\u00f3rka, kt\u00f3re w obliczu niemieckiego nazistowskiego terroru staj\u0105 z broni\u0105 w r\u0119ku do walki z okupantem.<\/p>\n<p>Miejsce: plac Grzybowski<\/p>\n<p>Wst\u0119p wolny<\/p>\n<hr>\n<p><span style=\"font-size: 10pt;\"><em>Wydarzenie towarzysz\u0105ce zorganizowane przez Muzeum Getta Warszawskiego<\/em><\/span><\/p>\n<p>&nbsp;<\/p>\n","protected":false},"excerpt":{"rendered":"<p>Oprowadzanie kuratorskie po wystawie \u201eGetto p\u0142onie\u201d na Placu Grzybowskim Prowadzenie: Pawe\u0142 Freus (Muzeum Getta Warszawskiego),&nbsp;kurator wystawy Muzeum Getta Warszawskiego zaprasza [&hellip;]<\/p>\n","protected":false},"author":5,"featured_media":0,"comment_status":"open","ping_status":"open","sticky":false,"template":"","format":"standard","meta":{"_acf_changed":false,"ngg_post_thumbnail":0,"footnotes":""},"categories":[53],"tags":[85],"class_list":["post-18132","post","type-post","status-publish","format-standard","hentry","category-program","tag-wystawa"],"acf":[],"_links":{"self":[{"href":"https:\/\/shalom.org.pl\/en\/wp-json\/wp\/v2\/posts\/18132","targetHints":{"allow":["GET"]}}],"collection":[{"href":"https:\/\/shalom.org.pl\/en\/wp-json\/wp\/v2\/posts"}],"about":[{"href":"https:\/\/shalom.org.pl\/en\/wp-json\/wp\/v2\/types\/post"}],"author":[{"embeddable":true,"href":"https:\/\/shalom.org.pl\/en\/wp-json\/wp\/v2\/users\/5"}],"replies":[{"embeddable":true,"href":"https:\/\/shalom.org.pl\/en\/wp-json\/wp\/v2\/comments?post=18132"}],"version-history":[{"count":4,"href":"https:\/\/shalom.org.pl\/en\/wp-json\/wp\/v2\/posts\/18132\/revisions"}],"predecessor-version":[{"id":18556,"href":"https:\/\/shalom.org.pl\/en\/wp-json\/wp\/v2\/posts\/18132\/revisions\/18556"}],"wp:attachment":[{"href":"https:\/\/shalom.org.pl\/en\/wp-json\/wp\/v2\/media?parent=18132"}],"wp:term":[{"taxonomy":"category","embeddable":true,"href":"https:\/\/shalom.org.pl\/en\/wp-json\/wp\/v2\/categories?post=18132"},{"taxonomy":"post_tag","embeddable":true,"href":"https:\/\/shalom.org.pl\/en\/wp-json\/wp\/v2\/tags?post=18132"}],"curies":[{"name":"wp","href":"https:\/\/api.w.org\/{rel}","templated":true}]}}