{"id":18122,"date":"2023-07-15T18:00:26","date_gmt":"2023-07-15T16:00:26","guid":{"rendered":"http:\/\/shalom.org.pl\/?p=18122"},"modified":"2023-08-22T22:52:45","modified_gmt":"2023-08-22T20:52:45","slug":"dyzur-archeologiczny-przy-dawnej-milej-18-2","status":"publish","type":"post","link":"https:\/\/shalom.org.pl\/en\/dyzur-archeologiczny-przy-dawnej-milej-18-2\/","title":{"rendered":"Dy\u017cur archeologiczny przy dawnej Mi\u0142ej 18 | Muzeum Getta Warszawskiego"},"content":{"rendered":"<h3><img fetchpriority=\"high\" decoding=\"async\" class=\"alignnone wp-image-18540 size-large\" src=\"http:\/\/shalom.org.pl\/wp-content\/uploads\/2023\/07\/MGW_banner_Festiwal_2023_1200x625px_Dyzury_arch_v3-1024x533.jpg\" alt=\"\" width=\"1024\" height=\"533\" srcset=\"https:\/\/shalom.org.pl\/wp-content\/uploads\/2023\/07\/MGW_banner_Festiwal_2023_1200x625px_Dyzury_arch_v3-1024x533.jpg 1024w, https:\/\/shalom.org.pl\/wp-content\/uploads\/2023\/07\/MGW_banner_Festiwal_2023_1200x625px_Dyzury_arch_v3-300x156.jpg 300w, https:\/\/shalom.org.pl\/wp-content\/uploads\/2023\/07\/MGW_banner_Festiwal_2023_1200x625px_Dyzury_arch_v3-768x400.jpg 768w, https:\/\/shalom.org.pl\/wp-content\/uploads\/2023\/07\/MGW_banner_Festiwal_2023_1200x625px_Dyzury_arch_v3-490x255.jpg 490w, https:\/\/shalom.org.pl\/wp-content\/uploads\/2023\/07\/MGW_banner_Festiwal_2023_1200x625px_Dyzury_arch_v3-350x182.jpg 350w\" sizes=\"(max-width: 1024px) 100vw, 1024px\" \/><\/h3>\n<h3>Dy\u017cur archeologiczny przy dawnej Mi\u0142ej 18<\/h3>\n<p>Muzeum Getta Warszawskiego zaprasza do zwiedzania terenu wykopalisk archeologicznych przy dawnej Mi\u0142ej 18. Podczas prac archeologicznych latem 2022 roku badacze znale\u017ali kilka tysi\u0119cy artefakt\u00f3w, w tym obiekty kultu religijnego, takie jak tefilin, fragmenty \u017cydowskich modlitewnik\u00f3w oraz naczynia do rytualnego obmywania r\u0105k. Dotarli te\u017c do zasypanych piwnic XIX-wiecznych kamienic, kt\u00f3re zosta\u0142y zniszczone podczas powstania w getcie warszawskim lub po jego zako\u0144czeniu. Odkopano piwnice kamienic o podw\u00f3jnych adresach Mi\u0142a 18\/ Muranowska 39 oraz Mi\u0142a 20\/Muranowska 41, przy kt\u00f3rej ods\u0142oni\u0119to fragmenty konstrukcji, kt\u00f3re wed\u0142ug wszelkiego prawdopodobie\u0144stwa stanowi\u0142y cz\u0119\u015b\u0107 tzw. Bunkra Anielewicza.<\/p>\n<p>Miejsce: teren wykopalisk archeologicznych Muzeum Getta Warszawskiego przy tzw. Bunkrze Anielewicza | skrzy\u017cowanie ul. Dubois i ul. Mi\u0142ej<\/p>\n<p>Godziny dy\u017curu: 12:00-17:00<\/p>\n<p>Wst\u0119p wolny<\/p>\n<hr>\n<p><span style=\"font-size: 10pt;\"><em>Wydarzenie towarzysz\u0105ce zorganizowane przez Muzeum Getta Warszawskiego<\/em><\/span><\/p>\n<p>&nbsp;<\/p>\n","protected":false},"excerpt":{"rendered":"<p>Dy\u017cur archeologiczny przy dawnej Mi\u0142ej 18 Muzeum Getta Warszawskiego zaprasza do zwiedzania terenu wykopalisk archeologicznych przy dawnej Mi\u0142ej 18. Podczas [&hellip;]<\/p>\n","protected":false},"author":5,"featured_media":0,"comment_status":"open","ping_status":"open","sticky":false,"template":"","format":"standard","meta":{"_acf_changed":false,"ngg_post_thumbnail":0,"footnotes":""},"categories":[53],"tags":[77],"class_list":["post-18122","post","type-post","status-publish","format-standard","hentry","category-program","tag-spacer"],"acf":[],"_links":{"self":[{"href":"https:\/\/shalom.org.pl\/en\/wp-json\/wp\/v2\/posts\/18122","targetHints":{"allow":["GET"]}}],"collection":[{"href":"https:\/\/shalom.org.pl\/en\/wp-json\/wp\/v2\/posts"}],"about":[{"href":"https:\/\/shalom.org.pl\/en\/wp-json\/wp\/v2\/types\/post"}],"author":[{"embeddable":true,"href":"https:\/\/shalom.org.pl\/en\/wp-json\/wp\/v2\/users\/5"}],"replies":[{"embeddable":true,"href":"https:\/\/shalom.org.pl\/en\/wp-json\/wp\/v2\/comments?post=18122"}],"version-history":[{"count":4,"href":"https:\/\/shalom.org.pl\/en\/wp-json\/wp\/v2\/posts\/18122\/revisions"}],"predecessor-version":[{"id":18544,"href":"https:\/\/shalom.org.pl\/en\/wp-json\/wp\/v2\/posts\/18122\/revisions\/18544"}],"wp:attachment":[{"href":"https:\/\/shalom.org.pl\/en\/wp-json\/wp\/v2\/media?parent=18122"}],"wp:term":[{"taxonomy":"category","embeddable":true,"href":"https:\/\/shalom.org.pl\/en\/wp-json\/wp\/v2\/categories?post=18122"},{"taxonomy":"post_tag","embeddable":true,"href":"https:\/\/shalom.org.pl\/en\/wp-json\/wp\/v2\/tags?post=18122"}],"curies":[{"name":"wp","href":"https:\/\/api.w.org\/{rel}","templated":true}]}}