{"id":18079,"date":"2023-07-13T22:55:41","date_gmt":"2023-07-13T20:55:41","guid":{"rendered":"http:\/\/shalom.org.pl\/?p=18079"},"modified":"2023-08-22T22:58:30","modified_gmt":"2023-08-22T20:58:30","slug":"ym-getcie-z-aplikacja-muzeum-getta-warszawskiego-prowadzenie-masza-makarowa-godz-1200","status":"publish","type":"post","link":"https:\/\/shalom.org.pl\/en\/ym-getcie-z-aplikacja-muzeum-getta-warszawskiego-prowadzenie-masza-makarowa-godz-1200\/","title":{"rendered":"Spacer po ma\u0142ym getcie z aplikacj\u0105 Muzeum Getta Warszawskiego \u2013 prowadzenie: Masza Makarowa"},"content":{"rendered":"<h3><img fetchpriority=\"high\" decoding=\"async\" class=\"alignnone wp-image-18546 size-large\" src=\"http:\/\/shalom.org.pl\/wp-content\/uploads\/2023\/07\/MGW_banner_Festiwal_2023_1200x625px_Spacer_v3-1024x533.jpg\" alt=\"\" width=\"1024\" height=\"533\" srcset=\"https:\/\/shalom.org.pl\/wp-content\/uploads\/2023\/07\/MGW_banner_Festiwal_2023_1200x625px_Spacer_v3-1024x533.jpg 1024w, https:\/\/shalom.org.pl\/wp-content\/uploads\/2023\/07\/MGW_banner_Festiwal_2023_1200x625px_Spacer_v3-300x156.jpg 300w, https:\/\/shalom.org.pl\/wp-content\/uploads\/2023\/07\/MGW_banner_Festiwal_2023_1200x625px_Spacer_v3-768x400.jpg 768w, https:\/\/shalom.org.pl\/wp-content\/uploads\/2023\/07\/MGW_banner_Festiwal_2023_1200x625px_Spacer_v3-490x255.jpg 490w, https:\/\/shalom.org.pl\/wp-content\/uploads\/2023\/07\/MGW_banner_Festiwal_2023_1200x625px_Spacer_v3-350x182.jpg 350w\" sizes=\"(max-width: 1024px) 100vw, 1024px\" \/><\/h3>\n<h3><strong>Spacer po ma\u0142ym getcie z aplikacj\u0105 Muzeum Getta Warszawskiego <\/strong>\u2013 prowadzenie: <strong>Masza Makarowa &nbsp;(Muzeum Getta Warszawskiego)<\/strong><\/h3>\n<p>Muzeum Getta Warszawskiego zaprasza na spacer po po\u0142udniowej cz\u0119\u015bci dawnego getta warszawskiego, w kt\u00f3rej znajduje si\u0119 mi\u0119dzy innymi docelowa siedziba Muzeum, czyli dawny \u017bydowski Szpital Dzieci\u0119cy im. Bersohn\u00f3w i Bauman\u00f3w. Uczestnicy spaceru zobacz\u0105 osta\u0144ce na terenie tzw. ma\u0142ego getta &#8211; przedwojenne kamienice, fragmenty mur\u00f3w getta, i us\u0142ysz\u0105 historie z \u017cycia warszawskiego getta i jego mieszka\u0144c\u00f3w. W czasie spaceru zaproponujemy korzystanie z aplikacji MGW, w kt\u00f3rej znajduje si\u0119 m.in. audioprzewodnik po zamkni\u0119tej dzielnicy \u017cydowskiej oraz archiwalne zdj\u0119cia.<\/p>\n<p>Miejsce zbi\u00f3rki: Szpital im. Bersohn\u00f3w i Bauman\u00f3w, ul. Sienna 60<\/p>\n<p>Wst\u0119p wolny<\/p>\n<hr>\n<p><span style=\"font-size: 10pt;\"><em>Wydarzenie towarzysz\u0105ce zorganizowane przez Muzeum Getta Warszawskiego<\/em><\/span><\/p>\n<p>&nbsp;<\/p>\n","protected":false},"excerpt":{"rendered":"<p>Spacer po ma\u0142ym getcie z aplikacj\u0105 Muzeum Getta Warszawskiego \u2013 prowadzenie: Masza Makarowa &nbsp;(Muzeum Getta Warszawskiego) Muzeum Getta Warszawskiego zaprasza [&hellip;]<\/p>\n","protected":false},"author":5,"featured_media":0,"comment_status":"open","ping_status":"open","sticky":false,"template":"","format":"standard","meta":{"_acf_changed":false,"ngg_post_thumbnail":0,"footnotes":""},"categories":[53],"tags":[77],"class_list":["post-18079","post","type-post","status-publish","format-standard","hentry","category-program","tag-spacer"],"acf":[],"_links":{"self":[{"href":"https:\/\/shalom.org.pl\/en\/wp-json\/wp\/v2\/posts\/18079","targetHints":{"allow":["GET"]}}],"collection":[{"href":"https:\/\/shalom.org.pl\/en\/wp-json\/wp\/v2\/posts"}],"about":[{"href":"https:\/\/shalom.org.pl\/en\/wp-json\/wp\/v2\/types\/post"}],"author":[{"embeddable":true,"href":"https:\/\/shalom.org.pl\/en\/wp-json\/wp\/v2\/users\/5"}],"replies":[{"embeddable":true,"href":"https:\/\/shalom.org.pl\/en\/wp-json\/wp\/v2\/comments?post=18079"}],"version-history":[{"count":6,"href":"https:\/\/shalom.org.pl\/en\/wp-json\/wp\/v2\/posts\/18079\/revisions"}],"predecessor-version":[{"id":18552,"href":"https:\/\/shalom.org.pl\/en\/wp-json\/wp\/v2\/posts\/18079\/revisions\/18552"}],"wp:attachment":[{"href":"https:\/\/shalom.org.pl\/en\/wp-json\/wp\/v2\/media?parent=18079"}],"wp:term":[{"taxonomy":"category","embeddable":true,"href":"https:\/\/shalom.org.pl\/en\/wp-json\/wp\/v2\/categories?post=18079"},{"taxonomy":"post_tag","embeddable":true,"href":"https:\/\/shalom.org.pl\/en\/wp-json\/wp\/v2\/tags?post=18079"}],"curies":[{"name":"wp","href":"https:\/\/api.w.org\/{rel}","templated":true}]}}