{"id":17981,"date":"2023-06-20T21:18:37","date_gmt":"2023-06-20T19:18:37","guid":{"rendered":"http:\/\/shalom.org.pl\/?p=17981"},"modified":"2023-07-17T19:29:40","modified_gmt":"2023-07-17T17:29:40","slug":"w-75-rocznice-powstania-panstwa-izrael-ocaleni-czesc-i-pokaz-filmu-dokumentalnego-the-long-way-home-dluga-droga-do-domu-scen-i-rez-mark-jonathan-harris-oscar","status":"publish","type":"post","link":"https:\/\/shalom.org.pl\/en\/w-75-rocznice-powstania-panstwa-izrael-ocaleni-czesc-i-pokaz-filmu-dokumentalnego-the-long-way-home-dluga-droga-do-domu-scen-i-rez-mark-jonathan-harris-oscar\/","title":{"rendered":"W 75. rocznic\u0119 powstania Pa\u0144stwa Izrael | Ocaleni \u2013 cz\u0119\u015b\u0107 II: Pokaz filmu dokumentalnego \u201eThe Long Way Home\/ D\u0142uga droga do domu\u201d, scen. i re\u017c. Mark Jonathan Harris (Oscar\u00ae za najlepszy film dokumentalny 1988, 120 min)"},"content":{"rendered":"<h3>cz\u0119\u015b\u0107 II: Pokaz filmu dokumentalnego \u201eThe Long Way Home\/ D\u0142uga droga do domu\u201d, scen. i re\u017c. Mark Jonathan Harris (Oscar\u00ae za najlepszy film dokumentalny 1988, 120 min)<\/h3>\n<p>Wprowadzenie: <strong>Alexandre Kaplan<\/strong><\/p>\n<p>Film dokumentalny Marka Jonathana Harrisa \u201eD\u0142uga droga do domu\u201d, na podstawie oryginalnego scenariusza Marka Jonathana Harrisa, z narracj\u0105 Morgana Freemana, to jeden z najlepszych film\u00f3w dokumentalnych o historii \u017byd\u00f3w Europy z okresu 1945 -1948 (od wyzwolenia i do powstania pa\u0144stwa Izrael). Film wyprodukowany przez Centrum Simona Wiesenthala w Los Angeles zosta\u0142&nbsp;nagrodzony Oscarem najlepszego filmu dokumentalnego w 1997 roku.&nbsp;<\/p>\n<p>Narracja: <strong>Morgan Freeman<\/strong>, muzyka: <strong>Lee Holdridge<\/strong>, zdj\u0119cia:<strong> Don Lenzer<\/strong>, produkcja: <strong>Moriah Films<\/strong> i <strong>Simon Wiesenthal Center Los Angeles<\/strong><\/p>\n<p><span style=\"font-size: 10pt;\"><em>Wersja j\u0119zykowa: &nbsp;angielska z polskimi napisami <\/em><\/span><\/p>\n<hr>\n<p><span style=\"font-size: 10pt;\"><strong>Austriackie Forum Kultury<\/strong><strong>, ul. Pr\u00f3\u017cna 7\/9<\/strong><\/span><\/p>\n<p><span style=\"font-size: 10pt;\">Wst\u0119p po potwierdzeniu obecno\u015bci \u2013 od 7 do 23 sierpnia w Biurze Festiwalowym, ul. Senatorska 35, tel. 694 686 339; miejsca nie s\u0105 numerowane<\/span><\/p>\n<hr>\n<p><span style=\"font-size: 10pt;\"><em>Zorganizowano we wsp\u00f3\u0142pracy z Centre Simon Wiesenthal Europe oraz Verbe &amp; Lumi\u00e8re \u2013Vigilance <\/em><em>(Francja)<\/em><\/span><\/p>\n","protected":false},"excerpt":{"rendered":"<p>cz\u0119\u015b\u0107 II: Pokaz filmu dokumentalnego \u201eThe Long Way Home\/ D\u0142uga droga do domu\u201d, scen. i re\u017c. Mark Jonathan Harris (Oscar\u00ae [&hellip;]<\/p>\n","protected":false},"author":5,"featured_media":0,"comment_status":"open","ping_status":"open","sticky":false,"template":"","format":"standard","meta":{"_acf_changed":false,"ngg_post_thumbnail":0,"footnotes":""},"categories":[53],"tags":[402],"class_list":["post-17981","post","type-post","status-publish","format-standard","hentry","category-program","tag-pokaz-filmu"],"acf":[],"_links":{"self":[{"href":"https:\/\/shalom.org.pl\/en\/wp-json\/wp\/v2\/posts\/17981","targetHints":{"allow":["GET"]}}],"collection":[{"href":"https:\/\/shalom.org.pl\/en\/wp-json\/wp\/v2\/posts"}],"about":[{"href":"https:\/\/shalom.org.pl\/en\/wp-json\/wp\/v2\/types\/post"}],"author":[{"embeddable":true,"href":"https:\/\/shalom.org.pl\/en\/wp-json\/wp\/v2\/users\/5"}],"replies":[{"embeddable":true,"href":"https:\/\/shalom.org.pl\/en\/wp-json\/wp\/v2\/comments?post=17981"}],"version-history":[{"count":5,"href":"https:\/\/shalom.org.pl\/en\/wp-json\/wp\/v2\/posts\/17981\/revisions"}],"predecessor-version":[{"id":18211,"href":"https:\/\/shalom.org.pl\/en\/wp-json\/wp\/v2\/posts\/17981\/revisions\/18211"}],"wp:attachment":[{"href":"https:\/\/shalom.org.pl\/en\/wp-json\/wp\/v2\/media?parent=17981"}],"wp:term":[{"taxonomy":"category","embeddable":true,"href":"https:\/\/shalom.org.pl\/en\/wp-json\/wp\/v2\/categories?post=17981"},{"taxonomy":"post_tag","embeddable":true,"href":"https:\/\/shalom.org.pl\/en\/wp-json\/wp\/v2\/tags?post=17981"}],"curies":[{"name":"wp","href":"https:\/\/api.w.org\/{rel}","templated":true}]}}