{"id":17979,"date":"2023-06-20T21:15:10","date_gmt":"2023-06-20T19:15:10","guid":{"rendered":"http:\/\/shalom.org.pl\/?p=17979"},"modified":"2023-07-17T19:28:52","modified_gmt":"2023-07-17T17:28:52","slug":"w-75-rocznice-powstania-panstwa-izrael-ocaleni-czesc-i-niesamowita-historia-felixa-kerstena-zapomnianego-bohatera-spotkanie-autorskie-z-francuskim-historyki","status":"publish","type":"post","link":"https:\/\/shalom.org.pl\/en\/w-75-rocznice-powstania-panstwa-izrael-ocaleni-czesc-i-niesamowita-historia-felixa-kerstena-zapomnianego-bohatera-spotkanie-autorskie-z-francuskim-historyki\/","title":{"rendered":"W 75. rocznic\u0119 powstania Pa\u0144stwa Izrael | Ocaleni  \u2013 cz\u0119\u015b\u0107 I: \u201eNiesamowita historia Felixa Kerstena, zapomnianego bohatera\u201d \u2013 spotkanie autorskie z francuskim historykiem Fran\u00e7oisem Kersaudy\u2019m wok\u00f3\u0142 ksi\u0105\u017cki \u201eLista Kerstena\u201d"},"content":{"rendered":"<h3><strong>W 75. rocznic\u0119 powstania Pa\u0144stwa Izrael | Ocaleni &nbsp;\u2013 cz\u0119\u015b\u0107 I: \u201eNiesamowita historia Felixa Kerstena, zapomnianego bohatera\u201d \u2013 spotkanie autorskie z francuskim historykiem Fran\u00e7oisem Kersaudy\u2019m wok\u00f3\u0142 ksi\u0105\u017cki \u201eLista Kerstena\u201d<\/strong><\/h3>\n<p>Prowadzenie:<strong> Andrzej Krakowski<\/strong><\/p>\n<p>T\u0142umaczenie symultaniczne:<strong> Joanna Warcho\u0142<\/strong><\/p>\n<p>Spotkanie ze s\u0142ynnym historykiem prof. Fran\u00e7oisem Kersaudy&#8217;m (Francja), autorem ksi\u0105\u017cki \u201eLista Kerstena\u201d. Felix Kersten uratowa\u0142 ze szpon\u00f3w nazistowskiego sytemu zag\u0142ady co najmniej 100 000 ludzi, w tym 60 000 \u017byd\u00f3w.<\/p>\n<hr>\n<p><span style=\"font-size: 10pt;\"><strong>Austriackie Forum Kultury<\/strong><strong>, ul. Pr\u00f3\u017cna 7\/9<\/strong><\/span><\/p>\n<p><span style=\"font-size: 10pt;\">Wst\u0119p po potwierdzeniu obecno\u015bci \u2013 od 7 do 23 sierpnia w Biurze Festiwalowym, ul. Senatorska 35, tel. 694 686 339; miejsca nie s\u0105 numerowane<\/span><\/p>\n<hr>\n<p><span style=\"font-size: 10pt;\"><em>Zorganizowano we wsp\u00f3\u0142pracy z Centre Simon Wiesenthal Europe oraz Verbe &amp; Lumi\u00e8re \u2013Vigilance <\/em><em>(Francja)<\/em><\/span><\/p>\n","protected":false},"excerpt":{"rendered":"<p>W 75. rocznic\u0119 powstania Pa\u0144stwa Izrael | Ocaleni &nbsp;\u2013 cz\u0119\u015b\u0107 I: \u201eNiesamowita historia Felixa Kerstena, zapomnianego bohatera\u201d \u2013 spotkanie autorskie [&hellip;]<\/p>\n","protected":false},"author":5,"featured_media":0,"comment_status":"open","ping_status":"open","sticky":false,"template":"","format":"standard","meta":{"_acf_changed":false,"ngg_post_thumbnail":0,"footnotes":""},"categories":[53],"tags":[75],"class_list":["post-17979","post","type-post","status-publish","format-standard","hentry","category-program","tag-spotkanie"],"acf":[],"_links":{"self":[{"href":"https:\/\/shalom.org.pl\/en\/wp-json\/wp\/v2\/posts\/17979","targetHints":{"allow":["GET"]}}],"collection":[{"href":"https:\/\/shalom.org.pl\/en\/wp-json\/wp\/v2\/posts"}],"about":[{"href":"https:\/\/shalom.org.pl\/en\/wp-json\/wp\/v2\/types\/post"}],"author":[{"embeddable":true,"href":"https:\/\/shalom.org.pl\/en\/wp-json\/wp\/v2\/users\/5"}],"replies":[{"embeddable":true,"href":"https:\/\/shalom.org.pl\/en\/wp-json\/wp\/v2\/comments?post=17979"}],"version-history":[{"count":3,"href":"https:\/\/shalom.org.pl\/en\/wp-json\/wp\/v2\/posts\/17979\/revisions"}],"predecessor-version":[{"id":18210,"href":"https:\/\/shalom.org.pl\/en\/wp-json\/wp\/v2\/posts\/17979\/revisions\/18210"}],"wp:attachment":[{"href":"https:\/\/shalom.org.pl\/en\/wp-json\/wp\/v2\/media?parent=17979"}],"wp:term":[{"taxonomy":"category","embeddable":true,"href":"https:\/\/shalom.org.pl\/en\/wp-json\/wp\/v2\/categories?post=17979"},{"taxonomy":"post_tag","embeddable":true,"href":"https:\/\/shalom.org.pl\/en\/wp-json\/wp\/v2\/tags?post=17979"}],"curies":[{"name":"wp","href":"https:\/\/api.w.org\/{rel}","templated":true}]}}