{"id":17977,"date":"2023-06-20T21:10:41","date_gmt":"2023-06-20T19:10:41","guid":{"rendered":"http:\/\/shalom.org.pl\/?p=17977"},"modified":"2023-06-20T21:10:41","modified_gmt":"2023-06-20T19:10:41","slug":"ku-pamieci-szymona-wiesenthala-pokaz-filmu-dokumentalnego-ludobojstwo-rez-arnold-schwartzman-oscar-za-najlepszy-film-dokumentalny-1981-83-min","status":"publish","type":"post","link":"https:\/\/shalom.org.pl\/en\/ku-pamieci-szymona-wiesenthala-pokaz-filmu-dokumentalnego-ludobojstwo-rez-arnold-schwartzman-oscar-za-najlepszy-film-dokumentalny-1981-83-min\/","title":{"rendered":"Ku pami\u0119ci Szymona Wiesenthala | Pokaz filmu dokumentalnego: \u201eLudob\u00f3jstwo\u201d, re\u017c. Arnold Schwartzman (Oscar\u00ae za najlepszy film dokumentalny 1981, 83 min)"},"content":{"rendered":"<h3><strong>Ku pami\u0119ci Szymona Wiesenthala | Pokaz filmu dokumentalnego: \u201eLudob\u00f3jstwo\u201d, re\u017c. Arnold Schwartzman <\/strong>(Oscar\u00ae za najlepszy film dokumentalny 1981, 83 min)<\/h3>\n<p>Pokaz poprzedz\u0105:<\/p>\n<ul>\n<li><strong>Przypomnienie tw\u00f3rczo\u015bci pana Szymona Wiesenthala<\/strong><\/li>\n<li><strong>Prezentacja dzia\u0142alno\u015bci Europejskiego Centrum Szymona Wiesenthala<\/strong><\/li>\n<\/ul>\n<p>Film z wprowadzeniem <strong>Szymona Wiesenthala<\/strong> i narracj\u0105 <strong>Elizabeth Taylor<\/strong> i <strong>Orsona Wellesa<\/strong>, z oryginaln\u0105 partytur\u0105 muzyczn\u0105 skomponowan\u0105 i prowadzon\u0105 przez <strong>Elmera Bernsteina<\/strong>, w wykonaniu <strong>Orkiestry Filharmonii Kr\u00f3lewskiej<\/strong>.<\/p>\n<p>Scenariusz: <strong>Martin Gilbert<\/strong> i <strong>rabin Marvin Hier<\/strong>, produkcja: <strong>Moriah Films<\/strong> i <strong>Simon Wiesenthal Center Los Angeles<\/strong><\/p>\n<p><span style=\"font-size: 10pt;\"><em>Wersja j\u0119zykowa: angielska z polskimi napisami<\/em><\/span><\/p>\n<hr>\n<p><span style=\"font-size: 10pt;\"><strong>Austriackie Forum Kultury<\/strong><strong>, ul. Pr\u00f3\u017cna 7\/9<\/strong><\/span><\/p>\n<p><span style=\"font-size: 10pt;\">Wst\u0119p po potwierdzeniu obecno\u015bci \u2013 od 7 do 23 sierpnia w Biurze Festiwalowym, ul. Senatorska 35, tel. 694 686 339; miejsca nie s\u0105 numerowane<\/span><\/p>\n<hr>\n<p><span style=\"font-size: 10pt;\"><em>Zorganizowano we wsp\u00f3\u0142pracy z Centre Simon Wiesenthal Europe oraz Verbe &amp; Lumi\u00e8re \u2013Vigilance <\/em><em>(Francja)<\/em><\/span><\/p>\n","protected":false},"excerpt":{"rendered":"<p>Ku pami\u0119ci Szymona Wiesenthala | Pokaz filmu dokumentalnego: \u201eLudob\u00f3jstwo\u201d, re\u017c. Arnold Schwartzman (Oscar\u00ae za najlepszy film dokumentalny 1981, 83 min) [&hellip;]<\/p>\n","protected":false},"author":5,"featured_media":0,"comment_status":"open","ping_status":"open","sticky":false,"template":"","format":"standard","meta":{"_acf_changed":false,"ngg_post_thumbnail":0,"footnotes":""},"categories":[53],"tags":[75],"class_list":["post-17977","post","type-post","status-publish","format-standard","hentry","category-program","tag-spotkanie"],"acf":[],"_links":{"self":[{"href":"https:\/\/shalom.org.pl\/en\/wp-json\/wp\/v2\/posts\/17977","targetHints":{"allow":["GET"]}}],"collection":[{"href":"https:\/\/shalom.org.pl\/en\/wp-json\/wp\/v2\/posts"}],"about":[{"href":"https:\/\/shalom.org.pl\/en\/wp-json\/wp\/v2\/types\/post"}],"author":[{"embeddable":true,"href":"https:\/\/shalom.org.pl\/en\/wp-json\/wp\/v2\/users\/5"}],"replies":[{"embeddable":true,"href":"https:\/\/shalom.org.pl\/en\/wp-json\/wp\/v2\/comments?post=17977"}],"version-history":[{"count":1,"href":"https:\/\/shalom.org.pl\/en\/wp-json\/wp\/v2\/posts\/17977\/revisions"}],"predecessor-version":[{"id":17978,"href":"https:\/\/shalom.org.pl\/en\/wp-json\/wp\/v2\/posts\/17977\/revisions\/17978"}],"wp:attachment":[{"href":"https:\/\/shalom.org.pl\/en\/wp-json\/wp\/v2\/media?parent=17977"}],"wp:term":[{"taxonomy":"category","embeddable":true,"href":"https:\/\/shalom.org.pl\/en\/wp-json\/wp\/v2\/categories?post=17977"},{"taxonomy":"post_tag","embeddable":true,"href":"https:\/\/shalom.org.pl\/en\/wp-json\/wp\/v2\/tags?post=17977"}],"curies":[{"name":"wp","href":"https:\/\/api.w.org\/{rel}","templated":true}]}}