{"id":17973,"date":"2023-06-20T21:01:45","date_gmt":"2023-06-20T19:01:45","guid":{"rendered":"http:\/\/shalom.org.pl\/?p=17973"},"modified":"2023-07-19T14:25:38","modified_gmt":"2023-07-19T12:25:38","slug":"z-cyklu-opowiedz-mi-swoja-historie-spotkanie-z-marianem-turskim","status":"publish","type":"post","link":"https:\/\/shalom.org.pl\/en\/z-cyklu-opowiedz-mi-swoja-historie-spotkanie-z-marianem-turskim\/","title":{"rendered":"Z cyklu: \u201eOpowiedz mi swoj\u0105 histori\u0119\u201d | Spotkanie z MARIANEM TURSKIM"},"content":{"rendered":"<p><strong>Z cyklu: \u201eOpowiedz mi swoj\u0105 histori\u0119\u201d | Spotkanie z MARIANEM TURSKIM<\/strong><\/p>\n<p>Prowadzenie:<strong> Remigiusz Grzela<\/strong><\/p>\n<p><img fetchpriority=\"high\" decoding=\"async\" class=\"alignnone wp-image-11167\" src=\"http:\/\/shalom.org.pl\/wp-content\/uploads\/2020\/07\/Turski-1-200x300.jpg\" alt=\"\" width=\"333\" height=\"500\" srcset=\"https:\/\/shalom.org.pl\/wp-content\/uploads\/2020\/07\/Turski-1-200x300.jpg 200w, https:\/\/shalom.org.pl\/wp-content\/uploads\/2020\/07\/Turski-1-768x1152.jpg 768w, https:\/\/shalom.org.pl\/wp-content\/uploads\/2020\/07\/Turski-1-683x1024.jpg 683w, https:\/\/shalom.org.pl\/wp-content\/uploads\/2020\/07\/Turski-1-170x255.jpg 170w, https:\/\/shalom.org.pl\/wp-content\/uploads\/2020\/07\/Turski-1-350x525.jpg 350w\" sizes=\"(max-width: 333px) 100vw, 333px\" \/><\/p>\n<p><strong>Marian Turski<\/strong> \u2013 ur. w 1926 roku w Druskiennikach. Historyk, dziennikarz, dzia\u0142acz spo\u0142eczny. Od 1958 roku kieruje dzia\u0142em historycznym tygodnika \u201ePolityka\u201d. Autor ksi\u0105\u017cek i opracowa\u0144, m.in. \u201eLumumba i jego kraj\u201d, \u201eOperacja Terminal\u201d, \u201eByli w\u00f3wczas dzie\u0107mi\u201d, \u201eLosy \u017cydowskie. \u015awiadectwo \u017cywych\u201d, \u201ePolish Witnesses to the Shoah\u201d, \u201eSztuka w miejscach \u015bmierci. Europejskie pomniki ofiar hitleryzmu\u201d (wsp\u00f3lnie z Halin\u0105 Taborsk\u0105), \u201eXI Nie b\u0105d\u017a oboj\u0119tny\u201d. Przewodnicz\u0105cy Rady Muzeum Historii \u017byd\u00f3w Polskich POLIN. Zasiada we w\u0142adzach Stowarzyszenia \u017bydowski Instytut Historyczny w Polsce, Stowarzyszenia \u017byd\u00f3w Kombatant\u00f3w i Poszkodowanych w II Wojnie \u015awiatowej, Rady Domu Konferencji w Wannsee \u2013 Miejsca Pami\u0119ci i Edukacji Historycznej w Berlinie. Prezydent Mi\u0119dzynarodowego Komitetu O\u015bwi\u0119cimskiego. Honorowy Obywatel Warszawy.<\/p>\n<hr>\n<p><span style=\"font-size: 10pt;\"><strong>Austriackie Forum Kultury<\/strong><strong>, ul. Pr\u00f3\u017cna 7\/9<\/strong><\/span><\/p>\n<p><span style=\"font-size: 10pt;\">Wst\u0119p po potwierdzeniu obecno\u015bci \u2013 od 7 do 23 sierpnia w Biurze Festiwalowym, ul. Senatorska 35, tel. 694 686&nbsp;339; liczba miejsc ograniczona, miejsca nie s\u0105 numerowane<\/span><\/p>\n<p><span style=\"font-size: 10pt;\">Wydarzenie transmitowane on-line na profilach Austriackiego Forum Kultury i Festiwalu Warszawa Singera na Facebooku<\/span><\/p>\n","protected":false},"excerpt":{"rendered":"<p>Z cyklu: \u201eOpowiedz mi swoj\u0105 histori\u0119\u201d | Spotkanie z MARIANEM TURSKIM Prowadzenie: Remigiusz Grzela Marian Turski \u2013 ur. w 1926 [&hellip;]<\/p>\n","protected":false},"author":5,"featured_media":0,"comment_status":"open","ping_status":"open","sticky":false,"template":"","format":"standard","meta":{"_acf_changed":false,"ngg_post_thumbnail":0,"footnotes":""},"categories":[53],"tags":[75],"class_list":["post-17973","post","type-post","status-publish","format-standard","hentry","category-program","tag-spotkanie"],"acf":[],"_links":{"self":[{"href":"https:\/\/shalom.org.pl\/en\/wp-json\/wp\/v2\/posts\/17973","targetHints":{"allow":["GET"]}}],"collection":[{"href":"https:\/\/shalom.org.pl\/en\/wp-json\/wp\/v2\/posts"}],"about":[{"href":"https:\/\/shalom.org.pl\/en\/wp-json\/wp\/v2\/types\/post"}],"author":[{"embeddable":true,"href":"https:\/\/shalom.org.pl\/en\/wp-json\/wp\/v2\/users\/5"}],"replies":[{"embeddable":true,"href":"https:\/\/shalom.org.pl\/en\/wp-json\/wp\/v2\/comments?post=17973"}],"version-history":[{"count":4,"href":"https:\/\/shalom.org.pl\/en\/wp-json\/wp\/v2\/posts\/17973\/revisions"}],"predecessor-version":[{"id":18232,"href":"https:\/\/shalom.org.pl\/en\/wp-json\/wp\/v2\/posts\/17973\/revisions\/18232"}],"wp:attachment":[{"href":"https:\/\/shalom.org.pl\/en\/wp-json\/wp\/v2\/media?parent=17973"}],"wp:term":[{"taxonomy":"category","embeddable":true,"href":"https:\/\/shalom.org.pl\/en\/wp-json\/wp\/v2\/categories?post=17973"},{"taxonomy":"post_tag","embeddable":true,"href":"https:\/\/shalom.org.pl\/en\/wp-json\/wp\/v2\/tags?post=17973"}],"curies":[{"name":"wp","href":"https:\/\/api.w.org\/{rel}","templated":true}]}}