{"id":17925,"date":"2023-06-19T11:50:06","date_gmt":"2023-06-19T09:50:06","guid":{"rendered":"http:\/\/shalom.org.pl\/?p=17925"},"modified":"2023-08-18T14:48:40","modified_gmt":"2023-08-18T12:48:40","slug":"zydowski-salon-literacki-wlodzimierz-press-czyta-fragmenty-nowej-sztuki-andrzeja-krakowskiego-dom-pod-lasem-czyli-traktat-o-narodzie-honorze-i-ojczyznie","status":"publish","type":"post","link":"https:\/\/shalom.org.pl\/en\/zydowski-salon-literacki-wlodzimierz-press-czyta-fragmenty-nowej-sztuki-andrzeja-krakowskiego-dom-pod-lasem-czyli-traktat-o-narodzie-honorze-i-ojczyznie\/","title":{"rendered":"\u017bydowski Salon Literacki | W\u0142odzimierz Press i S\u0142awomir Holland czytaj\u0105 fragmenty nowej sztuki Andrzeja Krakowskiego \u201eDom pod lasem, czyli traktat o narodzie, honorze i ojczy\u017anie\u201d"},"content":{"rendered":"<p><strong>\u017bydowski Salon Literacki | W\u0142odzimierz Press i S\u0142awomir Holland czytaj\u0105 fragmenty nowej sztuki Andrzeja Krakowskiego \u201eDom pod lasem, czyli traktat o narodzie, honorze i ojczy\u017anie\u201d<\/strong><\/p>\n<hr>\n<p><span style=\"font-size: 10pt;\"><strong>Austriackie Forum Kultury<\/strong><strong>, ul. Pr\u00f3\u017cna 7\/9<\/strong><\/span><\/p>\n<p><span style=\"font-size: 10pt;\">Wst\u0119p wolny, liczba miejsc ograniczona, miejsca nie s\u0105 numerowane<\/span><\/p>\n<p>&nbsp;<\/p>\n","protected":false},"excerpt":{"rendered":"<p>\u017bydowski Salon Literacki | W\u0142odzimierz Press i S\u0142awomir Holland czytaj\u0105 fragmenty nowej sztuki Andrzeja Krakowskiego \u201eDom pod lasem, czyli traktat [&hellip;]<\/p>\n","protected":false},"author":5,"featured_media":0,"comment_status":"open","ping_status":"open","sticky":false,"template":"","format":"standard","meta":{"_acf_changed":false,"ngg_post_thumbnail":0,"footnotes":""},"categories":[53],"tags":[73],"class_list":["post-17925","post","type-post","status-publish","format-standard","hentry","category-program","tag-salon-literacki"],"acf":[],"_links":{"self":[{"href":"https:\/\/shalom.org.pl\/en\/wp-json\/wp\/v2\/posts\/17925","targetHints":{"allow":["GET"]}}],"collection":[{"href":"https:\/\/shalom.org.pl\/en\/wp-json\/wp\/v2\/posts"}],"about":[{"href":"https:\/\/shalom.org.pl\/en\/wp-json\/wp\/v2\/types\/post"}],"author":[{"embeddable":true,"href":"https:\/\/shalom.org.pl\/en\/wp-json\/wp\/v2\/users\/5"}],"replies":[{"embeddable":true,"href":"https:\/\/shalom.org.pl\/en\/wp-json\/wp\/v2\/comments?post=17925"}],"version-history":[{"count":4,"href":"https:\/\/shalom.org.pl\/en\/wp-json\/wp\/v2\/posts\/17925\/revisions"}],"predecessor-version":[{"id":18514,"href":"https:\/\/shalom.org.pl\/en\/wp-json\/wp\/v2\/posts\/17925\/revisions\/18514"}],"wp:attachment":[{"href":"https:\/\/shalom.org.pl\/en\/wp-json\/wp\/v2\/media?parent=17925"}],"wp:term":[{"taxonomy":"category","embeddable":true,"href":"https:\/\/shalom.org.pl\/en\/wp-json\/wp\/v2\/categories?post=17925"},{"taxonomy":"post_tag","embeddable":true,"href":"https:\/\/shalom.org.pl\/en\/wp-json\/wp\/v2\/tags?post=17925"}],"curies":[{"name":"wp","href":"https:\/\/api.w.org\/{rel}","templated":true}]}}