{"id":17923,"date":"2023-06-19T11:50:21","date_gmt":"2023-06-19T09:50:21","guid":{"rendered":"http:\/\/shalom.org.pl\/?p=17923"},"modified":"2023-07-13T13:02:02","modified_gmt":"2023-07-13T11:02:02","slug":"zydowski-salon-literacki-spotkanie-autorskie-z-konstantym-gebertem-wokol-ksiazki-pokoj-z-widokiem-na-wojne-historia-izraela","status":"publish","type":"post","link":"https:\/\/shalom.org.pl\/en\/zydowski-salon-literacki-spotkanie-autorskie-z-konstantym-gebertem-wokol-ksiazki-pokoj-z-widokiem-na-wojne-historia-izraela\/","title":{"rendered":"\u017bydowski Salon Literacki | Spotkanie autorskie z Konstantym Gebertem wok\u00f3\u0142 ksi\u0105\u017cki \u201ePok\u00f3j z widokiem na wojn\u0119. Historia Izraela\u201d"},"content":{"rendered":"<p><span style=\"font-size: 12pt;\"><strong>\u017bydowski Salon Literacki | Spotkanie z Konstantym Gebertem wok\u00f3\u0142 ksi\u0105\u017cki \u201ePok\u00f3j z widokiem na wojn\u0119. Historia Izraela\u201d<\/strong><\/span><\/p>\n<p>(Wydawnictwo Agora, maj 2023)<\/p>\n<hr>\n<p><span style=\"font-size: 10pt;\"><strong>Austriackie Forum Kultury<\/strong><strong>, ul. Pr\u00f3\u017cna 7\/9<\/strong><\/span><\/p>\n<p><span style=\"font-size: 10pt;\">Wst\u0119p wolny, liczba miejsc ograniczona, miejsca nie s\u0105 numerowane<\/span><\/p>\n<p>&nbsp;<\/p>\n","protected":false},"excerpt":{"rendered":"<p>\u017bydowski Salon Literacki | Spotkanie z Konstantym Gebertem wok\u00f3\u0142 ksi\u0105\u017cki \u201ePok\u00f3j z widokiem na wojn\u0119. Historia Izraela\u201d (Wydawnictwo Agora, maj [&hellip;]<\/p>\n","protected":false},"author":5,"featured_media":0,"comment_status":"open","ping_status":"open","sticky":false,"template":"","format":"standard","meta":{"_acf_changed":false,"ngg_post_thumbnail":0,"footnotes":""},"categories":[53],"tags":[73],"class_list":["post-17923","post","type-post","status-publish","format-standard","hentry","category-program","tag-salon-literacki"],"acf":[],"_links":{"self":[{"href":"https:\/\/shalom.org.pl\/en\/wp-json\/wp\/v2\/posts\/17923","targetHints":{"allow":["GET"]}}],"collection":[{"href":"https:\/\/shalom.org.pl\/en\/wp-json\/wp\/v2\/posts"}],"about":[{"href":"https:\/\/shalom.org.pl\/en\/wp-json\/wp\/v2\/types\/post"}],"author":[{"embeddable":true,"href":"https:\/\/shalom.org.pl\/en\/wp-json\/wp\/v2\/users\/5"}],"replies":[{"embeddable":true,"href":"https:\/\/shalom.org.pl\/en\/wp-json\/wp\/v2\/comments?post=17923"}],"version-history":[{"count":2,"href":"https:\/\/shalom.org.pl\/en\/wp-json\/wp\/v2\/posts\/17923\/revisions"}],"predecessor-version":[{"id":18032,"href":"https:\/\/shalom.org.pl\/en\/wp-json\/wp\/v2\/posts\/17923\/revisions\/18032"}],"wp:attachment":[{"href":"https:\/\/shalom.org.pl\/en\/wp-json\/wp\/v2\/media?parent=17923"}],"wp:term":[{"taxonomy":"category","embeddable":true,"href":"https:\/\/shalom.org.pl\/en\/wp-json\/wp\/v2\/categories?post=17923"},{"taxonomy":"post_tag","embeddable":true,"href":"https:\/\/shalom.org.pl\/en\/wp-json\/wp\/v2\/tags?post=17923"}],"curies":[{"name":"wp","href":"https:\/\/api.w.org\/{rel}","templated":true}]}}