{"id":17921,"date":"2023-06-19T11:50:33","date_gmt":"2023-06-19T09:50:33","guid":{"rendered":"http:\/\/shalom.org.pl\/?p=17921"},"modified":"2023-07-16T17:38:52","modified_gmt":"2023-07-16T15:38:52","slug":"szabat-szalom-swiateczny-wieczor-na-placu-grzybowskim-z-golda-tencer-siostrami-rajfer-oraz-genadym-iskhakovem","status":"publish","type":"post","link":"https:\/\/shalom.org.pl\/en\/szabat-szalom-swiateczny-wieczor-na-placu-grzybowskim-z-golda-tencer-siostrami-rajfer-oraz-genadym-iskhakovem\/","title":{"rendered":"\u201eSZABAT SZALOM\u201d \u2013 \u015bwi\u0105teczny wiecz\u00f3r na Placu Grzybowskim z Go\u0142d\u0105 Tencer, Siostrami Rajfer oraz Genadym Iskhakovem"},"content":{"rendered":"<h3><strong>\u201eSZABAT SZALOM\u201d<\/strong> \u2013 <strong>\u015bwi\u0105teczny wiecz\u00f3r na Placu Grzybowskim<\/strong> <strong>z Go\u0142d\u0105 Tencer, Siostrami Rajfer oraz Genadym Iskhakovem<\/strong><\/h3>\n<p>Prowadzenie: gospodyni Festiwalu Warszawa Singera \u2013 <strong>Go\u0142da Tencer <\/strong>oraz <strong>Etel Szyc<\/strong><\/p>\n<p>Akompaniament:<strong> Teresa Wro\u0144ska <\/strong>(piano)<\/p>\n<p><img fetchpriority=\"high\" decoding=\"async\" class=\"alignnone wp-image-12628\" src=\"http:\/\/shalom.org.pl\/wp-content\/uploads\/2020\/12\/FS_2020_piatek_41-300x200.jpg\" alt=\"\" width=\"800\" height=\"534\" srcset=\"https:\/\/shalom.org.pl\/wp-content\/uploads\/2020\/12\/FS_2020_piatek_41-300x200.jpg 300w, https:\/\/shalom.org.pl\/wp-content\/uploads\/2020\/12\/FS_2020_piatek_41-768x512.jpg 768w, https:\/\/shalom.org.pl\/wp-content\/uploads\/2020\/12\/FS_2020_piatek_41-1024x683.jpg 1024w, https:\/\/shalom.org.pl\/wp-content\/uploads\/2020\/12\/FS_2020_piatek_41-382x255.jpg 382w, https:\/\/shalom.org.pl\/wp-content\/uploads\/2020\/12\/FS_2020_piatek_41-350x233.jpg 350w, https:\/\/shalom.org.pl\/wp-content\/uploads\/2020\/12\/FS_2020_piatek_41.jpg 1600w\" sizes=\"(max-width: 800px) 100vw, 800px\" \/><\/p>\n<hr>\n<p><span style=\"font-size: 10pt;\"><strong>Skwer na Placu Grzybowskim<\/strong><\/span><\/p>\n<p><span style=\"font-size: 10pt;\">Wst\u0119p po potwierdzeniu obecno\u015bci \u2013 od 7 do 23 sierpnia w Biurze Festiwalowym, ul. Senatorska 35, tel. 694 686&nbsp;339; liczba miejsc ograniczona, miejsca nie s\u0105 numerowane<\/span><\/p>\n<hr>\n<p><span style=\"font-size: 10pt;\"><em>Partner wydarzenia: Galeria Wypiek\u00f3w Lubaszka<\/em><\/span><\/p>\n\n\t\t<style type=\"text\/css\">\n\t\t\t#gallery-1 {\n\t\t\t\tmargin: auto;\n\t\t\t}\n\t\t\t#gallery-1 .gallery-item {\n\t\t\t\tfloat: left;\n\t\t\t\tmargin-top: 10px;\n\t\t\t\ttext-align: center;\n\t\t\t\twidth: 33%;\n\t\t\t}\n\t\t\t#gallery-1 img {\n\t\t\t\tborder: 2px solid #cfcfcf;\n\t\t\t}\n\t\t\t#gallery-1 .gallery-caption {\n\t\t\t\tmargin-left: 0;\n\t\t\t}\n\t\t\t\/* see gallery_shortcode() in wp-includes\/media.php *\/\n\t\t<\/style>\n\t\t<div id='gallery-1' class='gallery galleryid-17921 gallery-columns-3 gallery-size-thumbnail'><dl class='gallery-item'>\n\t\t\t<dt class='gallery-icon landscape'>\n\t\t\t\t<a href='https:\/\/shalom.org.pl\/en\/logo-gw-lubaszka-uzupelniajace-otwarte-monochr-granatowe-1\/'><img decoding=\"async\" width=\"150\" height=\"150\" src=\"https:\/\/shalom.org.pl\/wp-content\/uploads\/2022\/08\/logo-gw-lubaszka-uzupelniajace-otwarte-monochr-granatowe-1.png\" class=\"attachment-thumbnail size-thumbnail\" alt=\"\" \/><\/a>\n\t\t\t<\/dt><\/dl>\n\t\t\t<br style='clear: both' \/>\n\t\t<\/div>\n\n","protected":false},"excerpt":{"rendered":"<p>\u201eSZABAT SZALOM\u201d \u2013 \u015bwi\u0105teczny wiecz\u00f3r na Placu Grzybowskim z Go\u0142d\u0105 Tencer, Siostrami Rajfer oraz Genadym Iskhakovem Prowadzenie: gospodyni Festiwalu Warszawa [&hellip;]<\/p>\n","protected":false},"author":5,"featured_media":0,"comment_status":"open","ping_status":"open","sticky":false,"template":"","format":"standard","meta":{"_acf_changed":false,"ngg_post_thumbnail":0,"footnotes":""},"categories":[53],"tags":[71,75],"class_list":["post-17921","post","type-post","status-publish","format-standard","hentry","category-program","tag-koncert","tag-spotkanie"],"acf":[],"_links":{"self":[{"href":"https:\/\/shalom.org.pl\/en\/wp-json\/wp\/v2\/posts\/17921","targetHints":{"allow":["GET"]}}],"collection":[{"href":"https:\/\/shalom.org.pl\/en\/wp-json\/wp\/v2\/posts"}],"about":[{"href":"https:\/\/shalom.org.pl\/en\/wp-json\/wp\/v2\/types\/post"}],"author":[{"embeddable":true,"href":"https:\/\/shalom.org.pl\/en\/wp-json\/wp\/v2\/users\/5"}],"replies":[{"embeddable":true,"href":"https:\/\/shalom.org.pl\/en\/wp-json\/wp\/v2\/comments?post=17921"}],"version-history":[{"count":5,"href":"https:\/\/shalom.org.pl\/en\/wp-json\/wp\/v2\/posts\/17921\/revisions"}],"predecessor-version":[{"id":18163,"href":"https:\/\/shalom.org.pl\/en\/wp-json\/wp\/v2\/posts\/17921\/revisions\/18163"}],"wp:attachment":[{"href":"https:\/\/shalom.org.pl\/en\/wp-json\/wp\/v2\/media?parent=17921"}],"wp:term":[{"taxonomy":"category","embeddable":true,"href":"https:\/\/shalom.org.pl\/en\/wp-json\/wp\/v2\/categories?post=17921"},{"taxonomy":"post_tag","embeddable":true,"href":"https:\/\/shalom.org.pl\/en\/wp-json\/wp\/v2\/tags?post=17921"}],"curies":[{"name":"wp","href":"https:\/\/api.w.org\/{rel}","templated":true}]}}