{"id":17916,"date":"2023-06-19T11:51:27","date_gmt":"2023-06-19T09:51:27","guid":{"rendered":"http:\/\/shalom.org.pl\/?p=17916"},"modified":"2023-06-19T11:51:27","modified_gmt":"2023-06-19T09:51:27","slug":"ale-rejwach-fajne-rodzinne-warsztaty-o-jidyszyzmach-w-gwarze-warszawskiej-polaczone-ze-zwiedzaniem-zydowskich-modlitewni","status":"publish","type":"post","link":"https:\/\/shalom.org.pl\/en\/ale-rejwach-fajne-rodzinne-warsztaty-o-jidyszyzmach-w-gwarze-warszawskiej-polaczone-ze-zwiedzaniem-zydowskich-modlitewni\/","title":{"rendered":"\u201eAle rejwach!\u201d \u2013 fajne rodzinne warsztaty o jidyszyzmach w gwarze warszawskiej (po\u0142\u0105czone ze zwiedzaniem \u017cydowskich modlitewni)"},"content":{"rendered":"<h3><strong>\u201eAle rejwach!\u201d \u2013 fajne rodzinne warsztaty o jidyszyzmach w gwarze warszawskiej (po\u0142\u0105czone ze zwiedzaniem \u017cydowskich modlitewni)<\/strong><\/h3>\n<hr>\n<p>Warsztaty dla dzieci w wieku 7 \u2013 12 lat i opiekun\u00f3w<\/p>\n<p>Czas trwania: 1,5 godz.<\/p>\n<p>Limit os\u00f3b: 24<\/p>\n<hr>\n<p><span style=\"font-size: 10pt;\">Wst\u0119p p\u0142atny \u2013 bilety (10 PLN \u2013 za 1 dziecko i opiekuna) dost\u0119pne w kasie Muzeum lub na stronie www.muzeumpragi.pl (od 19 sierpnia)<\/span><\/p>\n<hr>\n<p><span style=\"font-size: 10pt;\"><em>Wydarzenie towarzysz\u0105ce zorganizowane przez Muzeum Warszawskiej Pragi<\/em><\/span><\/p>\n","protected":false},"excerpt":{"rendered":"<p>\u201eAle rejwach!\u201d \u2013 fajne rodzinne warsztaty o jidyszyzmach w gwarze warszawskiej (po\u0142\u0105czone ze zwiedzaniem \u017cydowskich modlitewni) Warsztaty dla dzieci w [&hellip;]<\/p>\n","protected":false},"author":5,"featured_media":0,"comment_status":"open","ping_status":"open","sticky":false,"template":"","format":"standard","meta":{"_acf_changed":false,"ngg_post_thumbnail":0,"footnotes":""},"categories":[53],"tags":[81,89],"class_list":["post-17916","post","type-post","status-publish","format-standard","hentry","category-program","tag-dla-dzieci","tag-warsztaty"],"acf":[],"_links":{"self":[{"href":"https:\/\/shalom.org.pl\/en\/wp-json\/wp\/v2\/posts\/17916","targetHints":{"allow":["GET"]}}],"collection":[{"href":"https:\/\/shalom.org.pl\/en\/wp-json\/wp\/v2\/posts"}],"about":[{"href":"https:\/\/shalom.org.pl\/en\/wp-json\/wp\/v2\/types\/post"}],"author":[{"embeddable":true,"href":"https:\/\/shalom.org.pl\/en\/wp-json\/wp\/v2\/users\/5"}],"replies":[{"embeddable":true,"href":"https:\/\/shalom.org.pl\/en\/wp-json\/wp\/v2\/comments?post=17916"}],"version-history":[{"count":1,"href":"https:\/\/shalom.org.pl\/en\/wp-json\/wp\/v2\/posts\/17916\/revisions"}],"predecessor-version":[{"id":17917,"href":"https:\/\/shalom.org.pl\/en\/wp-json\/wp\/v2\/posts\/17916\/revisions\/17917"}],"wp:attachment":[{"href":"https:\/\/shalom.org.pl\/en\/wp-json\/wp\/v2\/media?parent=17916"}],"wp:term":[{"taxonomy":"category","embeddable":true,"href":"https:\/\/shalom.org.pl\/en\/wp-json\/wp\/v2\/categories?post=17916"},{"taxonomy":"post_tag","embeddable":true,"href":"https:\/\/shalom.org.pl\/en\/wp-json\/wp\/v2\/tags?post=17916"}],"curies":[{"name":"wp","href":"https:\/\/api.w.org\/{rel}","templated":true}]}}