{"id":17914,"date":"2023-06-19T11:51:43","date_gmt":"2023-06-19T09:51:43","guid":{"rendered":"http:\/\/shalom.org.pl\/?p=17914"},"modified":"2024-07-04T21:24:21","modified_gmt":"2024-07-04T19:24:21","slug":"spektakl-muzyczny-w-kuchni-mamy-soni-golda-tencer-janusz-tencer-dawid-szurmiej-i-przyjaciele","status":"publish","type":"post","link":"https:\/\/shalom.org.pl\/en\/spektakl-muzyczny-w-kuchni-mamy-soni-golda-tencer-janusz-tencer-dawid-szurmiej-i-przyjaciele\/","title":{"rendered":"Spektakl muzyczny | &#8220;W KUCHNI MAMY SONI&#8221; \u2013 GO\u0141DA TENCER, JANUSZ TENCER, DAWID SZURMIEJ i Przyjaciele"},"content":{"rendered":"<p><span style=\"font-size: 14pt;\"><strong>Spektakl muzyczny | &#8220;W KUCHNI MAMY SONI&#8221; \u2013 GO\u0141DA TENCER, JANUSZ TENCER, DAWID SZURMIEJ i <\/strong><strong>Przyjaciele<\/strong><\/span><\/p>\n<div id=\"tw-target-text-container\" class=\"tw-ta-container F0azHf tw-nfl\" tabindex=\"0\">\n<p id=\"tw-target-text\" class=\"tw-data-text tw-text-large tw-ta\" dir=\"ltr\" data-placeholder=\"T\u0142umaczenie\"><span class=\"Y2IQFc\" lang=\"pl\">To obowi\u0105zkowy punkt w programie Festiwalu Warszawa Singera. Za\u0142o\u017cycielka Fundacji Shalom, Dyrektor Teatru \u017bydowskiego Go\u0142da Tencer wraz z bratem Januszem i synem Dawidem oraz przyjaci\u00f3\u0142mi zabior\u0105 nas w podr\u00f3\u017c do przesz\u0142o\u015bci, do przedwojennego \u017cydowskiego \u015bwiata, kt\u00f3rego ju\u017c nie ma. Ale kt\u00f3ry na szcz\u0119\u015bcie mo\u017ce odradzi\u0107 si\u0119 w we wspomnieniach i muzycznych opowie\u015bciach.<\/span><\/p>\n<\/div>\n<div class=\"iYB33c\">\n<div id=\"tw-tmenu\" class=\"tw-menu\">&nbsp;<\/div>\n<\/div>\n<table style=\"border-collapse: collapse; width: 100%;\">\n<tbody>\n<tr>\n<td style=\"width: 37.269%;\">\n<p><div id=\"attachment_15979\" style=\"width: 343px\" class=\"wp-caption alignnone\"><img fetchpriority=\"high\" decoding=\"async\" aria-describedby=\"caption-attachment-15979\" class=\"wp-image-15979\" src=\"http:\/\/shalom.org.pl\/wp-content\/uploads\/2022\/06\/golda_tencer222-200x300.jpg\" alt=\"\" width=\"333\" height=\"500\" srcset=\"https:\/\/shalom.org.pl\/wp-content\/uploads\/2022\/06\/golda_tencer222-200x300.jpg 200w, https:\/\/shalom.org.pl\/wp-content\/uploads\/2022\/06\/golda_tencer222-170x255.jpg 170w, https:\/\/shalom.org.pl\/wp-content\/uploads\/2022\/06\/golda_tencer222-350x526.jpg 350w, https:\/\/shalom.org.pl\/wp-content\/uploads\/2022\/06\/golda_tencer222.jpg 399w\" sizes=\"(max-width: 333px) 100vw, 333px\" \/><p id=\"caption-attachment-15979\" class=\"wp-caption-text\">fot. Archiwum organizatora<\/p><\/div><\/td>\n<td style=\"width: 62.731%;\"><strong>Go\u0142da Tencer \u2013 <\/strong>aktorka, re\u017cyserka, pie\u015bniarka, dzia\u0142aczka kultury; za\u0142o\u017cycielka i fundatorka, wieloletni dyrektor generalny Fundacji Shalom. Od roku 2009 wicedyrektorka Teatru \u017bydowskiego, a od 2015 \u2013 jego dyrektorka.<\/p>\n<p>Jako dziecko wyst\u0119powa\u0142a na deskach \u0142\u00f3dzkiego Teatru Powszechnego. Uko\u0144czy\u0142a Szko\u0142\u0119 \u017bydowsk\u0105 im. Icchoka Lejba Pereca w \u0141odzi. W roku 1969 przenios\u0142a si\u0119 do Warszawy i zwi\u0105za\u0142a z Teatrem \u017bydowskim.&nbsp;<\/p>\n<p>Wa\u017cnym momentem w jej karierze artystycznej sta\u0142o si\u0119 nagra<span style=\"font-family: inherit; font-size: inherit;\">nie p\u0142yty z piosenkami w j\u0119zyku jidysz pt. \u201eMiasteczko Be\u0142z\u201d,<\/span><span style=\"font-family: inherit; font-size: inherit;\"> z piosenkami z tej p\u0142yty odby\u0142a liczne tourn\u00e9es, nie tylko po Polsce czy innych krajach europejskich &#8211; wielkie sukcesy odnios\u0142a te\u017c w Izraelu&nbsp; i Stanach Zjednoczonych.<\/span><\/p>\n<p>W swoim dorobku aktorskim ma niezapomniane kreacje stworzone przede wszystkim w repertuarze obejmuj\u0105cym klasyk\u0119 oraz wsp\u00f3\u0142czesn\u0105 dramaturgi\u0119 \u017cydowsk\u0105. Zagra\u0142a w kilkunastu polskich i zagranicznych filmach fabularnych, wyst\u0105pi\u0142a te\u017c wielu w filmach, serialach, spektaklach i widowiskach telewizyjnych, wyre\u017cyserowa\u0142a kilkana\u015bcie spektakli teatralnych.<\/p>\n<p>Jest inicjatork\u0105 i autork\u0105 dzia\u0142a\u0144 artystycznych oraz edukacyjnych, maj\u0105cych na celu ochron\u0119 dziedzictwa kulturalnego polskich \u017byd\u00f3w &#8211; przede wszystkim za\u0142o\u017cycielk\u0105 Fundacji Shalom (1988), pomys\u0142odawczyni\u0105 i organizatork\u0105 Festiwalu Kultury \u017bydowskiej Warszawa Singera (od 2003).<\/p>\n<p>Za sw\u0105 dzia\u0142alno\u015b\u0107 artystyczn\u0105, organizacyjn\u0105 i wspieraj\u0105c\u0105 promocj\u0119 kultury \u017cydowskiej w Polsce i na \u015bwiecie zosta\u0142a uhonorowana wa\u017cnymi nagrodami i odznaczeniami, w tym m.in. izraelsk\u0105 Z\u0142ot\u0105 Lir\u0105, Medalem \u201eZas\u0142u\u017cony dla Tolerancji\u201d, Z\u0142otym Medalem Gloria Artis \u2013 \u201eZas\u0142u\u017cony Kulturze\u201d, Krzy\u017cem Komandorskim Orderu Odrodzenia Polski, Nagrod\u0105 Miasta Sto\u0142ecznego Warszawy, Medalem \u201ePro Masovia\u201d oraz Nagrod\u0105 im. Tadeusza Boya-\u017bele\u0144skiego.<\/p>\n<p>Wsp\u00f3lnie z Katarzyn\u0105 Przybyszewsk\u0105-Ortanowsk\u0105 napisa\u0142a ksi\u0105\u017ck\u0119 \u201eGo\u0142da Tencer. Jidisze Mame\u201d, kt\u00f3ra ju\u017c w miesi\u0105cu premiery (wrzesie\u0144 2019) otrzyma\u0142a tytu\u0142 Ksi\u0105\u017cka Miesi\u0105ca Magazynu Literackiego KSI\u0104\u017bKI.<\/td>\n<\/tr>\n<\/tbody>\n<\/table>\n<table style=\"border-collapse: collapse; width: 100%;\">\n<tbody>\n<tr>\n<td style=\"width: 37.1663%;\">\n<p><div id=\"attachment_15978\" style=\"width: 310px\" class=\"wp-caption alignnone\"><img decoding=\"async\" aria-describedby=\"caption-attachment-15978\" class=\"wp-image-15978 size-medium\" src=\"http:\/\/shalom.org.pl\/wp-content\/uploads\/2022\/06\/Janusz-Tencer_Fot.-Eric-Tencer-300x300.jpg\" alt=\"\" width=\"300\" height=\"300\" srcset=\"https:\/\/shalom.org.pl\/wp-content\/uploads\/2022\/06\/Janusz-Tencer_Fot.-Eric-Tencer-300x300.jpg 300w, https:\/\/shalom.org.pl\/wp-content\/uploads\/2022\/06\/Janusz-Tencer_Fot.-Eric-Tencer-768x768.jpg 768w, https:\/\/shalom.org.pl\/wp-content\/uploads\/2022\/06\/Janusz-Tencer_Fot.-Eric-Tencer-255x255.jpg 255w, https:\/\/shalom.org.pl\/wp-content\/uploads\/2022\/06\/Janusz-Tencer_Fot.-Eric-Tencer-350x350.jpg 350w, https:\/\/shalom.org.pl\/wp-content\/uploads\/2022\/06\/Janusz-Tencer_Fot.-Eric-Tencer.jpg 1020w\" sizes=\"(max-width: 300px) 100vw, 300px\" \/><p id=\"caption-attachment-15978\" class=\"wp-caption-text\">fot. Eric Tencer<\/p><\/div><\/td>\n<td style=\"width: 62.8337%;\"><strong>Janusz Tencer \u2013 <\/strong>prezes Zarz\u0105du Fundacji Shalom, lekarz nefrolog, doktor habilitowany, za\u0142o\u017cyciel i prezes Centrum Medycznego MediCenter w Warszawie. Jest autorem ksi\u0105\u017cki \u201eW kuchni mamy Soni\u201d. W 2007 roku wyda\u0142 sw\u00f3j pierwszy solowy album \u2013 \u201e\u017bydowski krawiec i inne\u201d. Od lat wykonuje repertuar \u017cydowski, hebrajski i polski, koncertuj\u0105c w USA, Izraelu, Polsce, Szwecji, Danii, Norwegii i Niemczech. Na Festiwalu Singera go\u015bci\u0142 wielokrotnie, m.in. prowadz\u0105c i wyst\u0119puj\u0105c w koncertach fina\u0142owych, prezentuj\u0105c autorski koncert \u201eM\u00f3j Marzec\u201d i przedstawienia muzyczne \u201eMarcowe migda\u0142y\u201d, \u201eDni kt\u00f3rych nie znamy\u201d, \u201eStarsi Panowie Aj\u201d, \u201eDw\u00f3r Cadyka\u201d i inne, kt\u00f3rych jest autorem i re\u017cyserem.<\/td>\n<\/tr>\n<\/tbody>\n<\/table>\n<table style=\"border-collapse: collapse; width: 100%;\">\n<tbody>\n<tr>\n<td style=\"width: 37.269%;\">\n<p><div id=\"attachment_15977\" style=\"width: 310px\" class=\"wp-caption alignnone\"><img decoding=\"async\" aria-describedby=\"caption-attachment-15977\" class=\"wp-image-15977 size-medium\" src=\"http:\/\/shalom.org.pl\/wp-content\/uploads\/2022\/06\/Untitled-1-300x300.jpg\" alt=\"\" width=\"300\" height=\"300\" srcset=\"https:\/\/shalom.org.pl\/wp-content\/uploads\/2022\/06\/Untitled-1-300x300.jpg 300w, https:\/\/shalom.org.pl\/wp-content\/uploads\/2022\/06\/Untitled-1-768x768.jpg 768w, https:\/\/shalom.org.pl\/wp-content\/uploads\/2022\/06\/Untitled-1-1024x1024.jpg 1024w, https:\/\/shalom.org.pl\/wp-content\/uploads\/2022\/06\/Untitled-1-255x255.jpg 255w, https:\/\/shalom.org.pl\/wp-content\/uploads\/2022\/06\/Untitled-1-350x350.jpg 350w, https:\/\/shalom.org.pl\/wp-content\/uploads\/2022\/06\/Untitled-1.jpg 1994w\" sizes=\"(max-width: 300px) 100vw, 300px\" \/><p id=\"caption-attachment-15977\" class=\"wp-caption-text\">fot. z prywatnej kolekcji<\/p><\/div><\/td>\n<td style=\"width: 62.731%;\"><strong>Dawid Szurmiej \u2013 <\/strong>aktor, re\u017cyser i producent film\u00f3w fabularnych i reklamowych. Uko\u0144czy\u0142 Wydzia\u0142 Re\u017cyserii Filmowej w Londy\u0144skiej Szkole Filmowej. Jest laureatem konkursu Reklamowego Kodaka; jego filmy by\u0142y pokazywane podczas wielu festiwali filmowych, m.in. sekcji Cinefondation w Cannes. W\u0142a\u015bciciel i szef domu produkcyjnego Studio Agart, kt\u00f3re w ci\u0105gu ostatnich dw\u00f3ch lat zrealizowa\u0142o projekty w kilkunastu krajach i ma na swoim koncie wiele nagradzanych kampanii telewizyjnych, internetowych i mobilnych.<\/td>\n<\/tr>\n<\/tbody>\n<\/table>\n<p>&nbsp;<\/p>\n<hr>\n<p><span style=\"font-size: 10pt;\"><strong>Scena Letnia Teatru \u017bydowskiego,<\/strong><strong> ul. Senatorska 35<\/strong><\/span><\/p>\n<p>Wst\u0119p po potwierdzeniu obecno\u015bci \u2013 od 5 do 21 sierpnia w Biurze Festiwalowym, ul. Senatorska 35, tel. 453 065&nbsp;511, 22&nbsp;620 55 85&nbsp;;<\/p>\n<p>liczba miejsc ograniczona, miejsca nie s\u0105 numerowane<\/p>\n<p>&nbsp;<\/p>\n","protected":false},"excerpt":{"rendered":"<p>Spektakl muzyczny | &#8220;W KUCHNI MAMY SONI&#8221; \u2013 GO\u0141DA TENCER, JANUSZ TENCER, DAWID SZURMIEJ i Przyjaciele To obowi\u0105zkowy punkt w [&hellip;]<\/p>\n","protected":false},"author":5,"featured_media":0,"comment_status":"open","ping_status":"open","sticky":false,"template":"","format":"standard","meta":{"_acf_changed":false,"ngg_post_thumbnail":0,"footnotes":""},"categories":[53],"tags":[71,69,75],"class_list":["post-17914","post","type-post","status-publish","format-standard","hentry","category-program","tag-koncert","tag-spektakl","tag-spotkanie"],"acf":[],"_links":{"self":[{"href":"https:\/\/shalom.org.pl\/en\/wp-json\/wp\/v2\/posts\/17914","targetHints":{"allow":["GET"]}}],"collection":[{"href":"https:\/\/shalom.org.pl\/en\/wp-json\/wp\/v2\/posts"}],"about":[{"href":"https:\/\/shalom.org.pl\/en\/wp-json\/wp\/v2\/types\/post"}],"author":[{"embeddable":true,"href":"https:\/\/shalom.org.pl\/en\/wp-json\/wp\/v2\/users\/5"}],"replies":[{"embeddable":true,"href":"https:\/\/shalom.org.pl\/en\/wp-json\/wp\/v2\/comments?post=17914"}],"version-history":[{"count":3,"href":"https:\/\/shalom.org.pl\/en\/wp-json\/wp\/v2\/posts\/17914\/revisions"}],"predecessor-version":[{"id":20103,"href":"https:\/\/shalom.org.pl\/en\/wp-json\/wp\/v2\/posts\/17914\/revisions\/20103"}],"wp:attachment":[{"href":"https:\/\/shalom.org.pl\/en\/wp-json\/wp\/v2\/media?parent=17914"}],"wp:term":[{"taxonomy":"category","embeddable":true,"href":"https:\/\/shalom.org.pl\/en\/wp-json\/wp\/v2\/categories?post=17914"},{"taxonomy":"post_tag","embeddable":true,"href":"https:\/\/shalom.org.pl\/en\/wp-json\/wp\/v2\/tags?post=17914"}],"curies":[{"name":"wp","href":"https:\/\/api.w.org\/{rel}","templated":true}]}}