{"id":17910,"date":"2023-06-19T11:52:13","date_gmt":"2023-06-19T09:52:13","guid":{"rendered":"http:\/\/shalom.org.pl\/?p=17910"},"modified":"2023-06-19T11:52:13","modified_gmt":"2023-06-19T09:52:13","slug":"zydowski-salon-literacki-slowa-piorem-duszy-piesn-piorem-serca-wyklad-belli-szwarcman-czarnoty","status":"publish","type":"post","link":"https:\/\/shalom.org.pl\/en\/zydowski-salon-literacki-slowa-piorem-duszy-piesn-piorem-serca-wyklad-belli-szwarcman-czarnoty\/","title":{"rendered":"\u017bydowski Salon Literacki | \u201eS\u0142owa pi\u00f3rem duszy, pie\u015b\u0144 \u2013 pi\u00f3rem serca\u201d \u2013 wyk\u0142ad Belli Szwarcman-Czarnoty"},"content":{"rendered":"<h3><strong>\u017bydowski Salon Literacki | \u201eS\u0142owa pi\u00f3rem duszy, pie\u015b\u0144 \u2013 pi\u00f3rem serca\u201d \u2013 wyk\u0142ad Belli Szwarcman-Czarnoty<\/strong><\/h3>\n<p><img fetchpriority=\"high\" decoding=\"async\" class=\"alignnone size-medium wp-image-4684\" src=\"http:\/\/shalom.org.pl\/wp-content\/uploads\/2016\/10\/bella2-1-1-300x239.jpg\" alt=\"\" width=\"300\" height=\"239\" srcset=\"https:\/\/shalom.org.pl\/wp-content\/uploads\/2016\/10\/bella2-1-1-300x239.jpg 300w, https:\/\/shalom.org.pl\/wp-content\/uploads\/2016\/10\/bella2-1-1-321x255.jpg 321w, https:\/\/shalom.org.pl\/wp-content\/uploads\/2016\/10\/bella2-1-1-350x278.jpg 350w, https:\/\/shalom.org.pl\/wp-content\/uploads\/2016\/10\/bella2-1-1.jpg 698w\" sizes=\"(max-width: 300px) 100vw, 300px\" \/><\/p>\n<p><strong>Bella Szwarcman-Czarnota<\/strong> \u2013 filozofka, t\u0142umaczka, redaktorka dwumiesi\u0119cznika \u201eMidrasz\u201d, autorka ksi\u0105\u017cek \u201eZnalaz\u0142am wczorajszy dzie\u0144\u201d, \u201eMoc\u0105 przepasa\u0142y swe biodra\u201d, \u201eCenniejsza ni\u017c per\u0142y\u201d i \u201eKsi\u0119ga kobiet \u2013 kobiety Ksi\u0119gi\u201d, a tak\u017ce najnowszej \u201eW poszukiwaniu z\u0142otego jab\u0142ka. Lider buch \u2013 \u015bpiewnik rodzinny\u201d, przygotowanej wsp\u00f3lnie z R\u00f3\u017c\u0105 Zi\u0105tek-Czarnot\u0105 oraz Dorot\u0105 Szwarcman.<\/p>\n<hr>\n<p><span style=\"font-size: 10pt;\"><strong>Austriackie Forum Kultury<\/strong><strong>, ul. Pr\u00f3\u017cna 7\/9<\/strong><\/span><\/p>\n<p><span style=\"font-size: 10pt;\">Wst\u0119p wolny; miejsca nie s\u0105 numerowane<\/span><\/p>\n","protected":false},"excerpt":{"rendered":"<p>\u017bydowski Salon Literacki | \u201eS\u0142owa pi\u00f3rem duszy, pie\u015b\u0144 \u2013 pi\u00f3rem serca\u201d \u2013 wyk\u0142ad Belli Szwarcman-Czarnoty Bella Szwarcman-Czarnota \u2013 filozofka, t\u0142umaczka, [&hellip;]<\/p>\n","protected":false},"author":5,"featured_media":0,"comment_status":"open","ping_status":"open","sticky":false,"template":"","format":"standard","meta":{"_acf_changed":false,"ngg_post_thumbnail":0,"footnotes":""},"categories":[53],"tags":[73],"class_list":["post-17910","post","type-post","status-publish","format-standard","hentry","category-program","tag-salon-literacki"],"acf":[],"_links":{"self":[{"href":"https:\/\/shalom.org.pl\/en\/wp-json\/wp\/v2\/posts\/17910","targetHints":{"allow":["GET"]}}],"collection":[{"href":"https:\/\/shalom.org.pl\/en\/wp-json\/wp\/v2\/posts"}],"about":[{"href":"https:\/\/shalom.org.pl\/en\/wp-json\/wp\/v2\/types\/post"}],"author":[{"embeddable":true,"href":"https:\/\/shalom.org.pl\/en\/wp-json\/wp\/v2\/users\/5"}],"replies":[{"embeddable":true,"href":"https:\/\/shalom.org.pl\/en\/wp-json\/wp\/v2\/comments?post=17910"}],"version-history":[{"count":1,"href":"https:\/\/shalom.org.pl\/en\/wp-json\/wp\/v2\/posts\/17910\/revisions"}],"predecessor-version":[{"id":17911,"href":"https:\/\/shalom.org.pl\/en\/wp-json\/wp\/v2\/posts\/17910\/revisions\/17911"}],"wp:attachment":[{"href":"https:\/\/shalom.org.pl\/en\/wp-json\/wp\/v2\/media?parent=17910"}],"wp:term":[{"taxonomy":"category","embeddable":true,"href":"https:\/\/shalom.org.pl\/en\/wp-json\/wp\/v2\/categories?post=17910"},{"taxonomy":"post_tag","embeddable":true,"href":"https:\/\/shalom.org.pl\/en\/wp-json\/wp\/v2\/tags?post=17910"}],"curies":[{"name":"wp","href":"https:\/\/api.w.org\/{rel}","templated":true}]}}