{"id":17898,"date":"2023-06-19T11:53:03","date_gmt":"2023-06-19T09:53:03","guid":{"rendered":"http:\/\/shalom.org.pl\/?p=17898"},"modified":"2023-07-19T14:25:18","modified_gmt":"2023-07-19T12:25:18","slug":"czytelnia-pisarzy-zydowskich-mistrzowie-czytaja-ewa-zietek","status":"publish","type":"post","link":"https:\/\/shalom.org.pl\/en\/czytelnia-pisarzy-zydowskich-mistrzowie-czytaja-ewa-zietek\/","title":{"rendered":"Czytelnia Pisarzy \u017bydowskich \u2013 Mistrzowie czytaj\u0105 | \u201ePami\u0119tnik Justyny\u201d Gusty Dawidsohn-Dr\u00e4nger w interpretacji EWY ZI\u0118TEK"},"content":{"rendered":"<h3><strong>Czytelnia Pisarzy \u017bydowskich \u2013 Mistrzowie czytaj\u0105 | \u201ePami\u0119tnik Justyny\u201d Gusty Dawidsohn-Dr\u00e4nger w interpretacji EWY ZI\u0118TEK<\/strong><\/h3>\n<hr>\n<p><span style=\"font-size: 10pt;\"><strong>Austriackie Forum Kultury<\/strong><strong>, ul. Pr\u00f3\u017cna 7\/9<\/strong><\/span><\/p>\n<p><span style=\"font-size: 10pt;\">Wst\u0119p po potwierdzeniu obecno\u015bci \u2013 od 7 do 23 sierpnia w Biurze Festiwalowym, ul. Senatorska 35, tel. 694 686&nbsp;339; liczba miejsc ograniczona, miejsca nie s\u0105 numerowane<\/span><\/p>\n<p>&nbsp;<\/p>\n","protected":false},"excerpt":{"rendered":"<p>Czytelnia Pisarzy \u017bydowskich \u2013 Mistrzowie czytaj\u0105 | \u201ePami\u0119tnik Justyny\u201d Gusty Dawidsohn-Dr\u00e4nger w interpretacji EWY ZI\u0118TEK Austriackie Forum Kultury, ul. Pr\u00f3\u017cna [&hellip;]<\/p>\n","protected":false},"author":5,"featured_media":0,"comment_status":"open","ping_status":"open","sticky":false,"template":"","format":"standard","meta":{"_acf_changed":false,"ngg_post_thumbnail":0,"footnotes":""},"categories":[53],"tags":[73],"class_list":["post-17898","post","type-post","status-publish","format-standard","hentry","category-program","tag-salon-literacki"],"acf":[],"_links":{"self":[{"href":"https:\/\/shalom.org.pl\/en\/wp-json\/wp\/v2\/posts\/17898","targetHints":{"allow":["GET"]}}],"collection":[{"href":"https:\/\/shalom.org.pl\/en\/wp-json\/wp\/v2\/posts"}],"about":[{"href":"https:\/\/shalom.org.pl\/en\/wp-json\/wp\/v2\/types\/post"}],"author":[{"embeddable":true,"href":"https:\/\/shalom.org.pl\/en\/wp-json\/wp\/v2\/users\/5"}],"replies":[{"embeddable":true,"href":"https:\/\/shalom.org.pl\/en\/wp-json\/wp\/v2\/comments?post=17898"}],"version-history":[{"count":4,"href":"https:\/\/shalom.org.pl\/en\/wp-json\/wp\/v2\/posts\/17898\/revisions"}],"predecessor-version":[{"id":18231,"href":"https:\/\/shalom.org.pl\/en\/wp-json\/wp\/v2\/posts\/17898\/revisions\/18231"}],"wp:attachment":[{"href":"https:\/\/shalom.org.pl\/en\/wp-json\/wp\/v2\/media?parent=17898"}],"wp:term":[{"taxonomy":"category","embeddable":true,"href":"https:\/\/shalom.org.pl\/en\/wp-json\/wp\/v2\/categories?post=17898"},{"taxonomy":"post_tag","embeddable":true,"href":"https:\/\/shalom.org.pl\/en\/wp-json\/wp\/v2\/tags?post=17898"}],"curies":[{"name":"wp","href":"https:\/\/api.w.org\/{rel}","templated":true}]}}