{"id":17892,"date":"2023-06-19T11:54:11","date_gmt":"2023-06-19T09:54:11","guid":{"rendered":"http:\/\/shalom.org.pl\/?p=17892"},"modified":"2023-06-23T19:06:51","modified_gmt":"2023-06-23T17:06:51","slug":"koncert-siostry-rajfer-pl-il-henryk-rajfer-pl-jidysz-na-trawie-muzyka-ze-skarbnicy-zydowskiej","status":"publish","type":"post","link":"https:\/\/shalom.org.pl\/en\/koncert-siostry-rajfer-pl-il-henryk-rajfer-pl-jidysz-na-trawie-muzyka-ze-skarbnicy-zydowskiej\/","title":{"rendered":"Koncert | Siostry Rajfer |PL\/IL| &#038; Henryk Rajfer |PL|: \u201eJidysz na trawie. Muzyka ze skarbnicy \u017cydowskiej\u201d"},"content":{"rendered":"<h3><strong>Koncert | Siostry Rajfer <\/strong>|PL\/IL|<strong> &amp; Henryk Rajfer <\/strong>|PL|:<strong> \u201eJidysz na trawie. Muzyka ze skarbnicy \u017cydowskiej\u201d<\/strong><\/h3>\n<p>Wyst\u0105pi\u0105:<strong> Czes\u0142awa Rajfer <\/strong>(\u015bpiew), <strong>Zofia Rajfer <\/strong>(\u015bpiew), <strong>Henryk Rajfer<\/strong> (\u015bpiew), <strong>Teresa Wro\u0144ska<\/strong> (akompaniament \u2013 piano)<\/p>\n<hr>\n<p><span style=\"font-size: 10pt;\"><strong>Teatr \u017bydowski, ul. Senatorska 35 \u2013 Scena Letnia<\/strong><\/span><\/p>\n<p><span style=\"font-size: 10pt;\">Wst\u0119p po potwierdzeniu obecno\u015bci \u2013 od 7 do 23 sierpnia w Biurze Festiwalowym, ul. Senatorska 35, tel. 694 686&nbsp;339; miejsca nie s\u0105 numerowane<\/span><\/p>\n<hr>\n<p>&nbsp;<\/p>\n","protected":false},"excerpt":{"rendered":"<p>Koncert | Siostry Rajfer |PL\/IL| &amp; Henryk Rajfer |PL|: \u201eJidysz na trawie. Muzyka ze skarbnicy \u017cydowskiej\u201d Wyst\u0105pi\u0105: Czes\u0142awa Rajfer (\u015bpiew), [&hellip;]<\/p>\n","protected":false},"author":5,"featured_media":0,"comment_status":"open","ping_status":"open","sticky":false,"template":"","format":"standard","meta":{"_acf_changed":false,"ngg_post_thumbnail":0,"footnotes":""},"categories":[53],"tags":[69],"class_list":["post-17892","post","type-post","status-publish","format-standard","hentry","category-program","tag-spektakl"],"acf":[],"_links":{"self":[{"href":"https:\/\/shalom.org.pl\/en\/wp-json\/wp\/v2\/posts\/17892","targetHints":{"allow":["GET"]}}],"collection":[{"href":"https:\/\/shalom.org.pl\/en\/wp-json\/wp\/v2\/posts"}],"about":[{"href":"https:\/\/shalom.org.pl\/en\/wp-json\/wp\/v2\/types\/post"}],"author":[{"embeddable":true,"href":"https:\/\/shalom.org.pl\/en\/wp-json\/wp\/v2\/users\/5"}],"replies":[{"embeddable":true,"href":"https:\/\/shalom.org.pl\/en\/wp-json\/wp\/v2\/comments?post=17892"}],"version-history":[{"count":1,"href":"https:\/\/shalom.org.pl\/en\/wp-json\/wp\/v2\/posts\/17892\/revisions"}],"predecessor-version":[{"id":17893,"href":"https:\/\/shalom.org.pl\/en\/wp-json\/wp\/v2\/posts\/17892\/revisions\/17893"}],"wp:attachment":[{"href":"https:\/\/shalom.org.pl\/en\/wp-json\/wp\/v2\/media?parent=17892"}],"wp:term":[{"taxonomy":"category","embeddable":true,"href":"https:\/\/shalom.org.pl\/en\/wp-json\/wp\/v2\/categories?post=17892"},{"taxonomy":"post_tag","embeddable":true,"href":"https:\/\/shalom.org.pl\/en\/wp-json\/wp\/v2\/tags?post=17892"}],"curies":[{"name":"wp","href":"https:\/\/api.w.org\/{rel}","templated":true}]}}