{"id":17890,"date":"2023-06-19T11:54:26","date_gmt":"2023-06-19T09:54:26","guid":{"rendered":"http:\/\/shalom.org.pl\/?p=17890"},"modified":"2023-07-13T22:52:38","modified_gmt":"2023-07-13T20:52:38","slug":"spektakl-muzyczno-kabaretowy-przyjdz-pan-pogadamy-spektakl-aktorow-teatru-zydowskiego-w-warszawie-moniki-chrzastowskiej-henryka-rajfera-marka-weglars","status":"publish","type":"post","link":"https:\/\/shalom.org.pl\/en\/spektakl-muzyczno-kabaretowy-przyjdz-pan-pogadamy-spektakl-aktorow-teatru-zydowskiego-w-warszawie-moniki-chrzastowskiej-henryka-rajfera-marka-weglars\/","title":{"rendered":"Spektakl muzyczno-kabaretowy | \u201ePrzyjd\u017a pan\u2026 Pogadamy\u2026\u201d \u2013 spektakl aktor\u00f3w Teatru \u017bydowskiego w Warszawie: MONIKI CHRZ\u0104STOWSKIEJ, HENRYKA RAJFERA, MARKA W\u0118GLARSKIEGO"},"content":{"rendered":"<h3><strong>Spektakl muzyczno-kabaretowy | \u201ePrzyjd\u017a pan\u2026 Pogadamy\u2026\u201d <\/strong>\u2013 <strong>spektakl aktor\u00f3w Teatru \u017bydowskiego w Warszawie: MONIKI CHRZ\u0104STOWSKIEJ<\/strong>, <strong>HENRYKA RAJFERA<\/strong><strong>, MARKA W\u0118GLARSKIEGO&nbsp;<\/strong><\/h3>\n<p>Akompaniament i prowadzenie:<strong> Teresa Wro\u0144ska <\/strong>(piano)<\/p>\n<p>\u200b<\/p>\n<table style=\"border-collapse: collapse; width: 87.0303%;\">\n<tbody>\n<tr>\n<td style=\"width: 14.3636%;\">\n<div id=\"attachment_13557\" style=\"width: 210px\" class=\"wp-caption alignnone\"><img fetchpriority=\"high\" decoding=\"async\" aria-describedby=\"caption-attachment-13557\" class=\"wp-image-13557\" src=\"http:\/\/shalom.org.pl\/wp-content\/uploads\/2021\/07\/monikachrzastowskafotmikolajstarzynski_0-200x300.jpg\" alt=\"\" width=\"200\" height=\"300\" srcset=\"https:\/\/shalom.org.pl\/wp-content\/uploads\/2021\/07\/monikachrzastowskafotmikolajstarzynski_0-200x300.jpg 200w, https:\/\/shalom.org.pl\/wp-content\/uploads\/2021\/07\/monikachrzastowskafotmikolajstarzynski_0-170x255.jpg 170w, https:\/\/shalom.org.pl\/wp-content\/uploads\/2021\/07\/monikachrzastowskafotmikolajstarzynski_0-350x525.jpg 350w, https:\/\/shalom.org.pl\/wp-content\/uploads\/2021\/07\/monikachrzastowskafotmikolajstarzynski_0.jpg 600w\" sizes=\"(max-width: 200px) 100vw, 200px\" \/><p id=\"caption-attachment-13557\" class=\"wp-caption-text\">Monika Chrz\u0105stowska<\/p><\/div>\n<div class=\"mceTemp\">&nbsp;<\/div>\n<\/td>\n<td style=\"width: 14.3636%;\">\n<p><div id=\"attachment_13427\" style=\"width: 210px\" class=\"wp-caption alignnone\"><img decoding=\"async\" aria-describedby=\"caption-attachment-13427\" class=\"wp-image-13427 size-medium\" src=\"http:\/\/shalom.org.pl\/wp-content\/uploads\/2021\/06\/henrykrajferfotmikolajstarzynski_0-1-200x300.jpg\" alt=\"\" width=\"200\" height=\"300\" srcset=\"https:\/\/shalom.org.pl\/wp-content\/uploads\/2021\/06\/henrykrajferfotmikolajstarzynski_0-1-200x300.jpg 200w, https:\/\/shalom.org.pl\/wp-content\/uploads\/2021\/06\/henrykrajferfotmikolajstarzynski_0-1-170x255.jpg 170w, https:\/\/shalom.org.pl\/wp-content\/uploads\/2021\/06\/henrykrajferfotmikolajstarzynski_0-1-350x524.jpg 350w, https:\/\/shalom.org.pl\/wp-content\/uploads\/2021\/06\/henrykrajferfotmikolajstarzynski_0-1.jpg 601w\" sizes=\"(max-width: 200px) 100vw, 200px\" \/><p id=\"caption-attachment-13427\" class=\"wp-caption-text\">Henryk Rajfer<\/p><\/div><\/td>\n<td style=\"width: 28.7273%;\">\n<p><div id=\"attachment_18076\" style=\"width: 210px\" class=\"wp-caption alignnone\"><img decoding=\"async\" aria-describedby=\"caption-attachment-18076\" class=\"wp-image-18076 size-medium\" src=\"http:\/\/shalom.org.pl\/wp-content\/uploads\/2023\/06\/marekweglarskifotmikolajstarzynski-200x300.jpg\" alt=\"\" width=\"200\" height=\"300\" srcset=\"https:\/\/shalom.org.pl\/wp-content\/uploads\/2023\/06\/marekweglarskifotmikolajstarzynski-200x300.jpg 200w, https:\/\/shalom.org.pl\/wp-content\/uploads\/2023\/06\/marekweglarskifotmikolajstarzynski-170x255.jpg 170w, https:\/\/shalom.org.pl\/wp-content\/uploads\/2023\/06\/marekweglarskifotmikolajstarzynski-350x524.jpg 350w, https:\/\/shalom.org.pl\/wp-content\/uploads\/2023\/06\/marekweglarskifotmikolajstarzynski.jpg 601w\" sizes=\"(max-width: 200px) 100vw, 200px\" \/><p id=\"caption-attachment-18076\" class=\"wp-caption-text\">Marek W\u0119glarski<\/p><\/div><\/td>\n<\/tr>\n<\/tbody>\n<\/table>\n<p><strong><span style=\"font-size: 10pt;\">fot. Miko\u0142aj Starzy\u0144ski<\/span><\/strong><\/p>\n<p>Kabarety, scenki, teatrzyki. Tuwim, S\u0142onimski, Hemar, Jurandot, Wars, Gold czy Petersburski. D\u0142uga lista autor\u00f3w tekst\u00f3w i muzyki. Szlagiery, szlagiery\u2026 i szmonces, kt\u00f3ry w latach mi\u0119dzywojennych zrobi\u0142 osza\u0142amiaj\u0105c\u0105 karier\u0119. To repertuar, w kt\u00f3rym aktorzy Teatru \u017bydowskiego czuj\u0105 si\u0119 jak ryba w wodzie (nie myli\u0107 z gefite fish!).<\/p>\n<p>Utwory r\u00f3\u017cnych kabaretowych scen, pi\u00f3ra niekwestionowanych mistrz\u00f3w gatunku, w brawurowym wykonaniu wsp\u00f3\u0142czesnych mistrz\u00f3w \u201egatunku\u201d z Teatru \u017bydowskiego. Monika Chrz\u0105stowska, Henryk Rajfer i Marek W\u0119glarski, przy akompaniamencie Teresy Wro\u0144skiej. W samo po\u0142udnie!<\/p>\n<hr>\n<p><span style=\"font-size: 10pt;\"><strong>Teatr \u017bydowski, ul. Senatorska 35 \u2013 Scena Letnia<\/strong><\/span><\/p>\n<p><span style=\"font-size: 10pt;\">Bilety: 50\/40 PLN (ulgowy) \u2013 do nabycia na: www.kicket.com\/warszawa, www.teatr-zydowski.art.pl, w Biurze Organizacji Widowni tel. 48 602 534 270; 22 850 64 50 lub 51 oraz w kasach Teatru \u017bydowskiego, ul. Senatorska 35, tel. 22 850 64 35 lub w Klubie Dow\u00f3dztwa Garnizonu Warszawa, al. Niepodleg\u0142o\u015bci 141a, tel. 22 850 56 56; miejsca nie s\u0105 numerowane<\/span><\/p>\n<p><span style=\"font-size: 10pt;\">(Bilet ulgowy przys\u0142uguje emerytom, rencistom i studentom po okazaniu legitymacji)<\/span><\/p>\n<hr>\n<p>&nbsp;<\/p>\n","protected":false},"excerpt":{"rendered":"<p>Spektakl muzyczno-kabaretowy | \u201ePrzyjd\u017a pan\u2026 Pogadamy\u2026\u201d \u2013 spektakl aktor\u00f3w Teatru \u017bydowskiego w Warszawie: MONIKI CHRZ\u0104STOWSKIEJ, HENRYKA RAJFERA, MARKA W\u0118GLARSKIEGO&nbsp; Akompaniament [&hellip;]<\/p>\n","protected":false},"author":5,"featured_media":0,"comment_status":"open","ping_status":"open","sticky":false,"template":"","format":"standard","meta":{"_acf_changed":false,"ngg_post_thumbnail":0,"footnotes":""},"categories":[53],"tags":[71,69],"class_list":["post-17890","post","type-post","status-publish","format-standard","hentry","category-program","tag-koncert","tag-spektakl"],"acf":[],"_links":{"self":[{"href":"https:\/\/shalom.org.pl\/en\/wp-json\/wp\/v2\/posts\/17890","targetHints":{"allow":["GET"]}}],"collection":[{"href":"https:\/\/shalom.org.pl\/en\/wp-json\/wp\/v2\/posts"}],"about":[{"href":"https:\/\/shalom.org.pl\/en\/wp-json\/wp\/v2\/types\/post"}],"author":[{"embeddable":true,"href":"https:\/\/shalom.org.pl\/en\/wp-json\/wp\/v2\/users\/5"}],"replies":[{"embeddable":true,"href":"https:\/\/shalom.org.pl\/en\/wp-json\/wp\/v2\/comments?post=17890"}],"version-history":[{"count":3,"href":"https:\/\/shalom.org.pl\/en\/wp-json\/wp\/v2\/posts\/17890\/revisions"}],"predecessor-version":[{"id":18078,"href":"https:\/\/shalom.org.pl\/en\/wp-json\/wp\/v2\/posts\/17890\/revisions\/18078"}],"wp:attachment":[{"href":"https:\/\/shalom.org.pl\/en\/wp-json\/wp\/v2\/media?parent=17890"}],"wp:term":[{"taxonomy":"category","embeddable":true,"href":"https:\/\/shalom.org.pl\/en\/wp-json\/wp\/v2\/categories?post=17890"},{"taxonomy":"post_tag","embeddable":true,"href":"https:\/\/shalom.org.pl\/en\/wp-json\/wp\/v2\/tags?post=17890"}],"curies":[{"name":"wp","href":"https:\/\/api.w.org\/{rel}","templated":true}]}}