{"id":17880,"date":"2023-06-19T11:55:18","date_gmt":"2023-06-19T09:55:18","guid":{"rendered":"http:\/\/shalom.org.pl\/?p=17880"},"modified":"2023-07-16T17:44:32","modified_gmt":"2023-07-16T15:44:32","slug":"przystanek-poezja-nelly-sachs-1891-1970","status":"publish","type":"post","link":"https:\/\/shalom.org.pl\/en\/przystanek-poezja-nelly-sachs-1891-1970\/","title":{"rendered":"Przystanek Poezja: Nelly Sachs (1891-1970)"},"content":{"rendered":"<h3><strong>Przystanek Poezja: Nelly Sachs (1891-1970)<\/strong><\/h3>\n<p><strong>Anna Rozenfeld<\/strong> i <strong>Rafa\u0142 Rutowicz<\/strong> zaprezentuj\u0105 wybrane wiersze poetki i noblistki i do wsp\u00f3lnego czytania zaprosz\u0105 tak\u017ce publiczno\u015b\u0107<\/p>\n<p>Akompaniament: <strong>Przemys\u0142aw Ska\u0142uba<\/strong> (klarnet)<\/p>\n<hr>\n<p><span style=\"font-size: 10pt;\"><strong>Skwer przed Centrum Kultury Jidysz, ul. Andersa 15<\/strong><\/span><\/p>\n<p><span style=\"font-size: 10pt;\">Wst\u0119p wolny<\/span><\/p>\n<p>&nbsp;<\/p>\n","protected":false},"excerpt":{"rendered":"<p>Przystanek Poezja: Nelly Sachs (1891-1970) Anna Rozenfeld i Rafa\u0142 Rutowicz zaprezentuj\u0105 wybrane wiersze poetki i noblistki i do wsp\u00f3lnego czytania [&hellip;]<\/p>\n","protected":false},"author":5,"featured_media":0,"comment_status":"open","ping_status":"open","sticky":false,"template":"","format":"standard","meta":{"_acf_changed":false,"ngg_post_thumbnail":0,"footnotes":""},"categories":[53],"tags":[73],"class_list":["post-17880","post","type-post","status-publish","format-standard","hentry","category-program","tag-salon-literacki"],"acf":[],"_links":{"self":[{"href":"https:\/\/shalom.org.pl\/en\/wp-json\/wp\/v2\/posts\/17880","targetHints":{"allow":["GET"]}}],"collection":[{"href":"https:\/\/shalom.org.pl\/en\/wp-json\/wp\/v2\/posts"}],"about":[{"href":"https:\/\/shalom.org.pl\/en\/wp-json\/wp\/v2\/types\/post"}],"author":[{"embeddable":true,"href":"https:\/\/shalom.org.pl\/en\/wp-json\/wp\/v2\/users\/5"}],"replies":[{"embeddable":true,"href":"https:\/\/shalom.org.pl\/en\/wp-json\/wp\/v2\/comments?post=17880"}],"version-history":[{"count":4,"href":"https:\/\/shalom.org.pl\/en\/wp-json\/wp\/v2\/posts\/17880\/revisions"}],"predecessor-version":[{"id":18170,"href":"https:\/\/shalom.org.pl\/en\/wp-json\/wp\/v2\/posts\/17880\/revisions\/18170"}],"wp:attachment":[{"href":"https:\/\/shalom.org.pl\/en\/wp-json\/wp\/v2\/media?parent=17880"}],"wp:term":[{"taxonomy":"category","embeddable":true,"href":"https:\/\/shalom.org.pl\/en\/wp-json\/wp\/v2\/categories?post=17880"},{"taxonomy":"post_tag","embeddable":true,"href":"https:\/\/shalom.org.pl\/en\/wp-json\/wp\/v2\/tags?post=17880"}],"curies":[{"name":"wp","href":"https:\/\/api.w.org\/{rel}","templated":true}]}}