{"id":17868,"date":"2023-06-19T11:55:57","date_gmt":"2023-06-19T09:55:57","guid":{"rendered":"http:\/\/shalom.org.pl\/?p=17868"},"modified":"2023-06-23T19:19:58","modified_gmt":"2023-06-23T17:19:58","slug":"zydowski-salon-literacki-promocja-ksiazki-trzy-zycia-ireny-gelblum-remigiusza-grzeli","status":"publish","type":"post","link":"https:\/\/shalom.org.pl\/en\/zydowski-salon-literacki-promocja-ksiazki-trzy-zycia-ireny-gelblum-remigiusza-grzeli\/","title":{"rendered":"\u017bydowski Salon Literacki | Spotkanie autorskie z Remigiuszem Grzel\u0105 wok\u00f3\u0142 ksi\u0105\u017cki \u201eTrzy \u017cycia Ireny Gelblum\u201d"},"content":{"rendered":"<h3><strong>\u017bydowski Salon Literacki | Spotkanie autorskie z Remigiuszem Grzel\u0105 wok\u00f3\u0142 ksi\u0105\u017cki \u201eTrzy \u017cycia Ireny Gelblum\u201d<\/strong><\/h3>\n<h3>\u201eTrzy \u017cycia Ireny Gelblum\u201d<\/h3>\n<p>Prowadzenie:<strong> Magdalena Rigamonti<\/strong><\/p>\n<p><img fetchpriority=\"high\" decoding=\"async\" class=\"alignnone wp-image-17870\" src=\"http:\/\/shalom.org.pl\/wp-content\/uploads\/2023\/06\/trzy-zycia-ireny-gelblum-210x300.jpg\" alt=\"\" width=\"351\" height=\"500\" srcset=\"https:\/\/shalom.org.pl\/wp-content\/uploads\/2023\/06\/trzy-zycia-ireny-gelblum-210x300.jpg 210w, https:\/\/shalom.org.pl\/wp-content\/uploads\/2023\/06\/trzy-zycia-ireny-gelblum-768x1095.jpg 768w, https:\/\/shalom.org.pl\/wp-content\/uploads\/2023\/06\/trzy-zycia-ireny-gelblum-718x1024.jpg 718w, https:\/\/shalom.org.pl\/wp-content\/uploads\/2023\/06\/trzy-zycia-ireny-gelblum-179x255.jpg 179w, https:\/\/shalom.org.pl\/wp-content\/uploads\/2023\/06\/trzy-zycia-ireny-gelblum-350x499.jpg 350w, https:\/\/shalom.org.pl\/wp-content\/uploads\/2023\/06\/trzy-zycia-ireny-gelblum.jpg 800w\" sizes=\"(max-width: 351px) 100vw, 351px\" \/><\/p>\n<p>S\u0105 takie \u017cyciorysy, w kt\u00f3rych nic si\u0119 nie zgadza. Fikcja miesza si\u0119 z prawd\u0105 i ta ostatnia z czasem si\u0119 zaciera. Bywa, \u017ce w ko\u0144cu \u0142atwiej uwierzy\u0107 w fikcj\u0119 ni\u017c w prawd\u0119. Lata mijaj\u0105, \u015bwiadkowie odchodz\u0105, fakty si\u0119 gubi\u0105 i pozostaj\u0105 jedynie fragmenty opowie\u015bci. A opowie\u015b\u0107 jest zawsze prawdziwa. Min\u0119\u0142o dziesi\u0119\u0107 lat, odk\u0105d Remigiusz Grzela wyruszy\u0142 w biograficzn\u0105 podr\u00f3\u017c z Iren\u0105 Gelblum: \u0142\u0105czniczk\u0105 \u017bydowskiej Organizacji Bojowej w getcie warszawskim, cz\u0142onkini\u0105 M\u015bcicieli, kt\u00f3rzy tu\u017c po wojnie odp\u0142acali Niemcom za Holokaust, kr\u00f3tko mieszkank\u0105 Palestyny, dziennikark\u0105, kt\u00f3ra wr\u00f3ci\u0142a do komunistycznej Polski, by j\u0105 opu\u015bci\u0107 w efekcie antysemickiej nagonki w 1968 roku, wreszcie poetk\u0105 i t\u0142umaczk\u0105 literatury polskiej we W\u0142oszech, sk\u0105d z powrotem przyjecha\u0142a do kraju urodzenia, aby w nim umrze\u0107 w 2009 roku. Efektem tych poszukiwa\u0144 by\u0142a publikacja &#8220;Wyb\u00f3r Ireny&#8221; z 2014 roku. Teraz autor zmierzy\u0142 si\u0119 z jej \u017cyciem jeszcze raz, pozyskuj\u0105c nowe relacje i dokumenty. Jak sam pisze: \u201eCho\u0107 Irena sta\u0142a mi si\u0119 bli\u017csza i ujrza\u0142em w niej cz\u0142owieka z krwi i ko\u015bci, to nadal pozostaje tajemnicza i nieuchwytna. Taka by\u0142a dla wszystkich, kt\u00f3rzy si\u0119 z ni\u0105 zetkn\u0119li. O takiej te\u017c opowiadam Czytelnikom\u2026\u201d.<\/p>\n<p>(Wydawnictwo Bellona, marzec 2023)<\/p>\n<hr>\n<p><span style=\"font-size: 10pt;\"><strong>Austriackie Forum Kultury<\/strong><strong>, ul. Pr\u00f3\u017cna 7\/9<\/strong><\/span><\/p>\n<p><span style=\"font-size: 10pt;\">Wst\u0119p wolny, liczba miejsc ograniczona, miejsca nie s\u0105 numerowane<\/span><\/p>\n<p>&nbsp;<\/p>\n","protected":false},"excerpt":{"rendered":"<p>\u017bydowski Salon Literacki | Spotkanie autorskie z Remigiuszem Grzel\u0105 wok\u00f3\u0142 ksi\u0105\u017cki \u201eTrzy \u017cycia Ireny Gelblum\u201d \u201eTrzy \u017cycia Ireny Gelblum\u201d Prowadzenie: [&hellip;]<\/p>\n","protected":false},"author":5,"featured_media":0,"comment_status":"open","ping_status":"open","sticky":false,"template":"","format":"standard","meta":{"_acf_changed":false,"ngg_post_thumbnail":0,"footnotes":""},"categories":[53],"tags":[73],"class_list":["post-17868","post","type-post","status-publish","format-standard","hentry","category-program","tag-salon-literacki"],"acf":[],"_links":{"self":[{"href":"https:\/\/shalom.org.pl\/en\/wp-json\/wp\/v2\/posts\/17868","targetHints":{"allow":["GET"]}}],"collection":[{"href":"https:\/\/shalom.org.pl\/en\/wp-json\/wp\/v2\/posts"}],"about":[{"href":"https:\/\/shalom.org.pl\/en\/wp-json\/wp\/v2\/types\/post"}],"author":[{"embeddable":true,"href":"https:\/\/shalom.org.pl\/en\/wp-json\/wp\/v2\/users\/5"}],"replies":[{"embeddable":true,"href":"https:\/\/shalom.org.pl\/en\/wp-json\/wp\/v2\/comments?post=17868"}],"version-history":[{"count":2,"href":"https:\/\/shalom.org.pl\/en\/wp-json\/wp\/v2\/posts\/17868\/revisions"}],"predecessor-version":[{"id":17997,"href":"https:\/\/shalom.org.pl\/en\/wp-json\/wp\/v2\/posts\/17868\/revisions\/17997"}],"wp:attachment":[{"href":"https:\/\/shalom.org.pl\/en\/wp-json\/wp\/v2\/media?parent=17868"}],"wp:term":[{"taxonomy":"category","embeddable":true,"href":"https:\/\/shalom.org.pl\/en\/wp-json\/wp\/v2\/categories?post=17868"},{"taxonomy":"post_tag","embeddable":true,"href":"https:\/\/shalom.org.pl\/en\/wp-json\/wp\/v2\/tags?post=17868"}],"curies":[{"name":"wp","href":"https:\/\/api.w.org\/{rel}","templated":true}]}}