{"id":17856,"date":"2023-06-19T11:58:59","date_gmt":"2023-06-19T09:58:59","guid":{"rendered":"http:\/\/shalom.org.pl\/?p=17856"},"modified":"2023-06-19T11:58:59","modified_gmt":"2023-06-19T09:58:59","slug":"uroczyste-zakonczenie-szabatu-hawdala-dedykowana-pamieci-szymona-szurmieja","status":"publish","type":"post","link":"https:\/\/shalom.org.pl\/en\/uroczyste-zakonczenie-szabatu-hawdala-dedykowana-pamieci-szymona-szurmieja\/","title":{"rendered":"Uroczyste zako\u0144czenie szabatu \u2013 HAWDALA, dedykowana pami\u0119ci Szymona Szurmieja"},"content":{"rendered":"<h3><strong>Uroczyste zako\u0144czenie szabatu \u2013 HAWDALA, dedykowana pami\u0119ci Szymona Szurmieja<\/strong><\/h3>\n<p>Tradycyjne pie\u015bni szabatowe zaprezentuj\u0105 kantorzy <strong>Israel Nachman<\/strong> |IL| i <strong>Chaim Stern<\/strong> |IL|, przy akompaniamencie: <strong>Eytana Sobola <\/strong>(piano) |IL|<\/p>\n<p>Prowadzenie:<strong> Etel Szyc<\/strong><\/p>\n<p><img fetchpriority=\"high\" decoding=\"async\" class=\"alignnone wp-image-14664\" src=\"http:\/\/shalom.org.pl\/wp-content\/uploads\/2021\/09\/FS_2021_sobota_fot.MartaKu\u015bmierz_27-300x200.jpg\" alt=\"\" width=\"600\" height=\"400\" srcset=\"https:\/\/shalom.org.pl\/wp-content\/uploads\/2021\/09\/FS_2021_sobota_fot.MartaKu\u015bmierz_27-300x200.jpg 300w, https:\/\/shalom.org.pl\/wp-content\/uploads\/2021\/09\/FS_2021_sobota_fot.MartaKu\u015bmierz_27-768x512.jpg 768w, https:\/\/shalom.org.pl\/wp-content\/uploads\/2021\/09\/FS_2021_sobota_fot.MartaKu\u015bmierz_27-1024x683.jpg 1024w, https:\/\/shalom.org.pl\/wp-content\/uploads\/2021\/09\/FS_2021_sobota_fot.MartaKu\u015bmierz_27-382x255.jpg 382w, https:\/\/shalom.org.pl\/wp-content\/uploads\/2021\/09\/FS_2021_sobota_fot.MartaKu\u015bmierz_27-350x233.jpg 350w, https:\/\/shalom.org.pl\/wp-content\/uploads\/2021\/09\/FS_2021_sobota_fot.MartaKu\u015bmierz_27.jpg 1600w\" sizes=\"(max-width: 600px) 100vw, 600px\" \/><\/p>\n<p><strong>Etel Szyc<\/strong> \u2013 aktorka, nauczycielka, edukator, prezes Fundacji Ner Tamid. Prowadzi warsztaty dla dzieci: zaj\u0119cia z kultury, muzyki i piosenki \u017cydowskiej, ta\u0144ca izraelskiego, dramy i teatru, a tak\u017ce warsztaty kulinarne oraz wyk\u0142ady. Organizuje te\u017c spotkania \u015bwi\u0105teczne dla senior\u00f3w spo\u0142eczno\u015bci \u017cydowskiej.<\/p>\n<p>&nbsp;<\/p>\n<hr>\n<p><span style=\"font-size: 10pt;\"><strong>Synagoga im. Ma\u0142\u017conk\u00f3w No\u017cyk\u00f3w<\/strong><strong>, ul. Twarda 6<\/strong><\/span><\/p>\n<p><span style=\"font-size: 10pt;\">Wst\u0119p po potwierdzeniu obecno\u015bci \u2013 od 7 do 23 sierpnia w Biurze Festiwalowym, ul. Senatorska 35, tel. 694 686&nbsp;339; <strong>liczba miejsc ograniczona<\/strong>, miejsca nie s\u0105 numerowane, m\u0119\u017cczyzn obowi\u0105zuj\u0105 nakrycia g\u0142owy<\/span><\/p>\n","protected":false},"excerpt":{"rendered":"<p>Uroczyste zako\u0144czenie szabatu \u2013 HAWDALA, dedykowana pami\u0119ci Szymona Szurmieja Tradycyjne pie\u015bni szabatowe zaprezentuj\u0105 kantorzy Israel Nachman |IL| i Chaim Stern [&hellip;]<\/p>\n","protected":false},"author":5,"featured_media":0,"comment_status":"open","ping_status":"open","sticky":false,"template":"","format":"standard","meta":{"_acf_changed":false,"ngg_post_thumbnail":0,"footnotes":""},"categories":[53],"tags":[71,75],"class_list":["post-17856","post","type-post","status-publish","format-standard","hentry","category-program","tag-koncert","tag-spotkanie"],"acf":[],"_links":{"self":[{"href":"https:\/\/shalom.org.pl\/en\/wp-json\/wp\/v2\/posts\/17856","targetHints":{"allow":["GET"]}}],"collection":[{"href":"https:\/\/shalom.org.pl\/en\/wp-json\/wp\/v2\/posts"}],"about":[{"href":"https:\/\/shalom.org.pl\/en\/wp-json\/wp\/v2\/types\/post"}],"author":[{"embeddable":true,"href":"https:\/\/shalom.org.pl\/en\/wp-json\/wp\/v2\/users\/5"}],"replies":[{"embeddable":true,"href":"https:\/\/shalom.org.pl\/en\/wp-json\/wp\/v2\/comments?post=17856"}],"version-history":[{"count":1,"href":"https:\/\/shalom.org.pl\/en\/wp-json\/wp\/v2\/posts\/17856\/revisions"}],"predecessor-version":[{"id":17857,"href":"https:\/\/shalom.org.pl\/en\/wp-json\/wp\/v2\/posts\/17856\/revisions\/17857"}],"wp:attachment":[{"href":"https:\/\/shalom.org.pl\/en\/wp-json\/wp\/v2\/media?parent=17856"}],"wp:term":[{"taxonomy":"category","embeddable":true,"href":"https:\/\/shalom.org.pl\/en\/wp-json\/wp\/v2\/categories?post=17856"},{"taxonomy":"post_tag","embeddable":true,"href":"https:\/\/shalom.org.pl\/en\/wp-json\/wp\/v2\/tags?post=17856"}],"curies":[{"name":"wp","href":"https:\/\/api.w.org\/{rel}","templated":true}]}}