{"id":17851,"date":"2023-06-19T11:59:39","date_gmt":"2023-06-19T09:59:39","guid":{"rendered":"http:\/\/shalom.org.pl\/?p=17851"},"modified":"2023-07-13T23:11:50","modified_gmt":"2023-07-13T21:11:50","slug":"wawer-okupacyjna-historia-tartaku-rubena-najwera-spacer-miejski-z-katarzyna-chudzynska-szuchnik","status":"publish","type":"post","link":"https:\/\/shalom.org.pl\/en\/wawer-okupacyjna-historia-tartaku-rubena-najwera-spacer-miejski-z-katarzyna-chudzynska-szuchnik\/","title":{"rendered":"\u201eWawer. Okupacyjna historia tartaku Rubena Najwera\u201d \u2013 spacer miejski z Katarzyn\u0105 Chudy\u0144sk\u0105-Szuchnik"},"content":{"rendered":"<h3><strong>\u201eWawer. Okupacyjna historia tartaku Rubena Najwera\u201d<\/strong> <strong>\u2013 spacer miejski z Katarzyn\u0105 Chudy\u0144sk\u0105-Szuchnik<\/strong><\/h3>\n<p>Miejsce zbi\u00f3rki: ul. Bys\u0142awska 92 (przy p\u0119tli autobusowej) Warszawa Falenica<\/p>\n<hr>\n<p><span style=\"font-size: 10pt;\">Wst\u0119p wolny<\/span><\/p>\n","protected":false},"excerpt":{"rendered":"<p>\u201eWawer. Okupacyjna historia tartaku Rubena Najwera\u201d \u2013 spacer miejski z Katarzyn\u0105 Chudy\u0144sk\u0105-Szuchnik Miejsce zbi\u00f3rki: ul. Bys\u0142awska 92 (przy p\u0119tli autobusowej) [&hellip;]<\/p>\n","protected":false},"author":5,"featured_media":0,"comment_status":"open","ping_status":"open","sticky":false,"template":"","format":"standard","meta":{"_acf_changed":false,"ngg_post_thumbnail":0,"footnotes":""},"categories":[53],"tags":[77],"class_list":["post-17851","post","type-post","status-publish","format-standard","hentry","category-program","tag-spacer"],"acf":[],"_links":{"self":[{"href":"https:\/\/shalom.org.pl\/en\/wp-json\/wp\/v2\/posts\/17851","targetHints":{"allow":["GET"]}}],"collection":[{"href":"https:\/\/shalom.org.pl\/en\/wp-json\/wp\/v2\/posts"}],"about":[{"href":"https:\/\/shalom.org.pl\/en\/wp-json\/wp\/v2\/types\/post"}],"author":[{"embeddable":true,"href":"https:\/\/shalom.org.pl\/en\/wp-json\/wp\/v2\/users\/5"}],"replies":[{"embeddable":true,"href":"https:\/\/shalom.org.pl\/en\/wp-json\/wp\/v2\/comments?post=17851"}],"version-history":[{"count":2,"href":"https:\/\/shalom.org.pl\/en\/wp-json\/wp\/v2\/posts\/17851\/revisions"}],"predecessor-version":[{"id":18094,"href":"https:\/\/shalom.org.pl\/en\/wp-json\/wp\/v2\/posts\/17851\/revisions\/18094"}],"wp:attachment":[{"href":"https:\/\/shalom.org.pl\/en\/wp-json\/wp\/v2\/media?parent=17851"}],"wp:term":[{"taxonomy":"category","embeddable":true,"href":"https:\/\/shalom.org.pl\/en\/wp-json\/wp\/v2\/categories?post=17851"},{"taxonomy":"post_tag","embeddable":true,"href":"https:\/\/shalom.org.pl\/en\/wp-json\/wp\/v2\/tags?post=17851"}],"curies":[{"name":"wp","href":"https:\/\/api.w.org\/{rel}","templated":true}]}}