{"id":17845,"date":"2023-06-19T12:00:06","date_gmt":"2023-06-19T10:00:06","guid":{"rendered":"http:\/\/shalom.org.pl\/?p=17845"},"modified":"2023-07-16T18:15:01","modified_gmt":"2023-07-16T16:15:01","slug":"kolysanka-dla-pamieci-4","status":"publish","type":"post","link":"https:\/\/shalom.org.pl\/en\/kolysanka-dla-pamieci-4\/","title":{"rendered":"Ko\u0142ysanka dla pami\u0119ci"},"content":{"rendered":"<h3><strong>Ko\u0142ysanka dla pami\u0119ci<\/strong><\/h3>\n<p>Oprawa muzyczna \u2013 koncert solo:<strong> Miros\u0142aw Ku\u017aniak <\/strong>(skrzypce)<\/p>\n<hr>\n<p><span style=\"font-size: 10pt;\"><strong>Pomnik Bohater\u00f3w Getta, ulica Anielewicza, r\u00f3g ulicy Zamenhofa<\/strong><\/span><\/p>\n<p><span style=\"font-size: 10pt;\">Wst\u0119p wolny<\/span><\/p>\n<p><span style=\"font-size: 10pt;\">Uwaga: Godzina rozpocz\u0119cia spotkania jest uzale\u017cniona od czasu zako\u0144czenia koncertu fina\u0142owego<\/span><\/p>\n","protected":false},"excerpt":{"rendered":"<p>Ko\u0142ysanka dla pami\u0119ci Oprawa muzyczna \u2013 koncert solo: Miros\u0142aw Ku\u017aniak (skrzypce) Pomnik Bohater\u00f3w Getta, ulica Anielewicza, r\u00f3g ulicy Zamenhofa Wst\u0119p [&hellip;]<\/p>\n","protected":false},"author":5,"featured_media":0,"comment_status":"open","ping_status":"open","sticky":false,"template":"","format":"standard","meta":{"_acf_changed":false,"ngg_post_thumbnail":0,"footnotes":""},"categories":[22,53],"tags":[75],"class_list":["post-17845","post","type-post","status-publish","format-standard","hentry","category-polecamy","category-program","tag-spotkanie"],"acf":[],"_links":{"self":[{"href":"https:\/\/shalom.org.pl\/en\/wp-json\/wp\/v2\/posts\/17845","targetHints":{"allow":["GET"]}}],"collection":[{"href":"https:\/\/shalom.org.pl\/en\/wp-json\/wp\/v2\/posts"}],"about":[{"href":"https:\/\/shalom.org.pl\/en\/wp-json\/wp\/v2\/types\/post"}],"author":[{"embeddable":true,"href":"https:\/\/shalom.org.pl\/en\/wp-json\/wp\/v2\/users\/5"}],"replies":[{"embeddable":true,"href":"https:\/\/shalom.org.pl\/en\/wp-json\/wp\/v2\/comments?post=17845"}],"version-history":[{"count":2,"href":"https:\/\/shalom.org.pl\/en\/wp-json\/wp\/v2\/posts\/17845\/revisions"}],"predecessor-version":[{"id":18194,"href":"https:\/\/shalom.org.pl\/en\/wp-json\/wp\/v2\/posts\/17845\/revisions\/18194"}],"wp:attachment":[{"href":"https:\/\/shalom.org.pl\/en\/wp-json\/wp\/v2\/media?parent=17845"}],"wp:term":[{"taxonomy":"category","embeddable":true,"href":"https:\/\/shalom.org.pl\/en\/wp-json\/wp\/v2\/categories?post=17845"},{"taxonomy":"post_tag","embeddable":true,"href":"https:\/\/shalom.org.pl\/en\/wp-json\/wp\/v2\/tags?post=17845"}],"curies":[{"name":"wp","href":"https:\/\/api.w.org\/{rel}","templated":true}]}}