{"id":17827,"date":"2023-06-19T12:24:52","date_gmt":"2023-06-19T10:24:52","guid":{"rendered":"http:\/\/shalom.org.pl\/?p=17827"},"modified":"2023-08-31T05:03:33","modified_gmt":"2023-08-31T03:03:33","slug":"spacer-miejski-zydowska-praga","status":"publish","type":"post","link":"https:\/\/shalom.org.pl\/en\/spacer-miejski-zydowska-praga\/","title":{"rendered":"Pokaz filmu i spotkanie | \u201e\u015acie\u017cki \u017cycia\u201d, re\u017c. Krzysztof Gajewski"},"content":{"rendered":"<h3><strong>Pokaz filmu i spotkanie | \u201e\u015acie\u017cki \u017cycia\u201d, re\u017c. Krzysztof Gajewski<\/strong><\/h3>\n<p><img fetchpriority=\"high\" decoding=\"async\" class=\"alignnone wp-image-18581\" src=\"http:\/\/shalom.org.pl\/wp-content\/uploads\/2023\/06\/370276192_10160966944634493_2058012827574421018_n-300x168.jpg\" alt=\"\" width=\"600\" height=\"337\" srcset=\"https:\/\/shalom.org.pl\/wp-content\/uploads\/2023\/06\/370276192_10160966944634493_2058012827574421018_n-300x168.jpg 300w, https:\/\/shalom.org.pl\/wp-content\/uploads\/2023\/06\/370276192_10160966944634493_2058012827574421018_n-768x431.jpg 768w, https:\/\/shalom.org.pl\/wp-content\/uploads\/2023\/06\/370276192_10160966944634493_2058012827574421018_n-1024x575.jpg 1024w, https:\/\/shalom.org.pl\/wp-content\/uploads\/2023\/06\/370276192_10160966944634493_2058012827574421018_n-454x255.jpg 454w, https:\/\/shalom.org.pl\/wp-content\/uploads\/2023\/06\/370276192_10160966944634493_2058012827574421018_n-350x197.jpg 350w, https:\/\/shalom.org.pl\/wp-content\/uploads\/2023\/06\/370276192_10160966944634493_2058012827574421018_n.jpg 1473w\" sizes=\"(max-width: 600px) 100vw, 600px\" \/><\/p>\n<p class=\"gwp9e69f73b_MsoNormal\">Reporta\u017c opowiadaj\u0105cy o wyj\u0105tkowych dzia\u0142aniach archeologicznych na cmentarzu \u017cydowskim w Warszawie.<\/p>\n<p class=\"gwp9e69f73b_MsoNormal\">Poszukiwanie miejsca poch\u00f3wku wybitnego naukowca Abrachama Szterna i za\u0142o\u017cyciela Szmulowizny na warszawskiej Pradze, Szmula Zbytkowera . Halacha i archeologia, czy da si\u0119 to ze sob\u0105 pogodzi\u0107? Na to pytanie znajdziecie Pa\u0144stwo odpowied\u017a w filmie oraz spotkaniu z autorami tego pasjonuj\u0105cego projektu.<\/p>\n<p>W spotkaniu po seansie udzia\u0142 wezm\u0105: <strong>Aleksandra Janus<\/strong> \u2013 prezeska Fundacji Zapomniane, <strong>Aleksander Schwarz<\/strong> \u2013 przedstawiciel Komisji Rabinicznej, <strong>Szymon Lenarczyk<\/strong> \u2013 archeolog, Wykop Na Poziomie, <strong>Remigiusz Sosnowski<\/strong> \u2013 dyrektor Cmentarza \u017bydowskiego na Br\u00f3dnie, cz\u0142onek zarz\u0105du Gminy Wyznaniowej \u017bydowskiej w Warszawie, <strong>Jan \u017b\u00f3\u0142towski<\/strong> \u2013 prezes Fundacji Dziedzictwa Kulturowego oraz <strong>Krzysztof Gajewski <\/strong>\u2013 re\u017cyser<\/p>\n<p>Spotkanie poprowadzi: <strong>Aleksandra Karkowska-Rogi\u0144ska<\/strong><\/p>\n<p>&nbsp;<\/p>\n<hr>\n<p><strong>Muzeum Warszawskiej Pragi, ul. Targowa 50\/52<\/strong><\/p>\n<p><span style=\"font-size: 10pt;\">Wst\u0119p wolny<\/span><\/p>\n<hr>\n<p><span style=\"font-size: 10pt;\"><em>Wydarzenie towarzysz\u0105ce zorganizowane przez Muzeum Warszawskiej Pragi<\/em><\/span><\/p>\n","protected":false},"excerpt":{"rendered":"<p>Pokaz filmu i spotkanie | \u201e\u015acie\u017cki \u017cycia\u201d, re\u017c. Krzysztof Gajewski Reporta\u017c opowiadaj\u0105cy o wyj\u0105tkowych dzia\u0142aniach archeologicznych na cmentarzu \u017cydowskim w [&hellip;]<\/p>\n","protected":false},"author":5,"featured_media":0,"comment_status":"open","ping_status":"open","sticky":false,"template":"","format":"standard","meta":{"_acf_changed":false,"ngg_post_thumbnail":0,"footnotes":""},"categories":[53],"tags":[402,75],"class_list":["post-17827","post","type-post","status-publish","format-standard","hentry","category-program","tag-pokaz-filmu","tag-spotkanie"],"acf":[],"_links":{"self":[{"href":"https:\/\/shalom.org.pl\/en\/wp-json\/wp\/v2\/posts\/17827","targetHints":{"allow":["GET"]}}],"collection":[{"href":"https:\/\/shalom.org.pl\/en\/wp-json\/wp\/v2\/posts"}],"about":[{"href":"https:\/\/shalom.org.pl\/en\/wp-json\/wp\/v2\/types\/post"}],"author":[{"embeddable":true,"href":"https:\/\/shalom.org.pl\/en\/wp-json\/wp\/v2\/users\/5"}],"replies":[{"embeddable":true,"href":"https:\/\/shalom.org.pl\/en\/wp-json\/wp\/v2\/comments?post=17827"}],"version-history":[{"count":6,"href":"https:\/\/shalom.org.pl\/en\/wp-json\/wp\/v2\/posts\/17827\/revisions"}],"predecessor-version":[{"id":18582,"href":"https:\/\/shalom.org.pl\/en\/wp-json\/wp\/v2\/posts\/17827\/revisions\/18582"}],"wp:attachment":[{"href":"https:\/\/shalom.org.pl\/en\/wp-json\/wp\/v2\/media?parent=17827"}],"wp:term":[{"taxonomy":"category","embeddable":true,"href":"https:\/\/shalom.org.pl\/en\/wp-json\/wp\/v2\/categories?post=17827"},{"taxonomy":"post_tag","embeddable":true,"href":"https:\/\/shalom.org.pl\/en\/wp-json\/wp\/v2\/tags?post=17827"}],"curies":[{"name":"wp","href":"https:\/\/api.w.org\/{rel}","templated":true}]}}