{"id":17818,"date":"2023-06-19T12:25:34","date_gmt":"2023-06-19T10:25:34","guid":{"rendered":"http:\/\/shalom.org.pl\/?p=17818"},"modified":"2023-06-19T12:25:34","modified_gmt":"2023-06-19T10:25:34","slug":"koncert-vienna-klezmore-allstars-at","status":"publish","type":"post","link":"https:\/\/shalom.org.pl\/en\/koncert-vienna-klezmore-allstars-at\/","title":{"rendered":"Koncert | Vienna Klezmore Allstars |AT|"},"content":{"rendered":"<h3><strong>Koncert | Vienna Klezmore Allstars <\/strong>|AT|<\/h3>\n<p class=\"gwp358a5cea_MsoNormal\">Mi\u0119dzynarodowy band klezmerski z wiede\u0144skim urokiem! Niedawno za\u0142o\u017cony zesp\u00f3\u0142 Vienna Klezmore Allstars to unikalne grono znanych nazwisk, przede wszystkim przedstawicieli wiede\u0144skiej muzyki klezmerskiej i world music, ale nie tylko. Zbyt sztywne wyobra\u017cenia o muzyce klezmerskiej s\u0105 burzone, a muzycy wci\u0105\u017c pozostaj\u0105 jedn\u0105 nog\u0105 w muzycznej tradycji jidysz.<\/p>\n<p class=\"gwp358a5cea_MsoNormal\">Vienna Klezmore Allstars to: <strong>Alexander Wladigeroff<\/strong> (tr\u0105bka), <strong>Maciej Go\u0142\u0119biowski<\/strong> (klarnet), <span lang=\"DE-AT\"><strong>Konstantin Wladigerof<\/strong>f (fortepian), <\/span><strong>Benjy Fox-Rosen<\/strong> (kontrabas, wokal).<\/p>\n\n\t\t<style type=\"text\/css\">\n\t\t\t#gallery-1 {\n\t\t\t\tmargin: auto;\n\t\t\t}\n\t\t\t#gallery-1 .gallery-item {\n\t\t\t\tfloat: left;\n\t\t\t\tmargin-top: 10px;\n\t\t\t\ttext-align: center;\n\t\t\t\twidth: 33%;\n\t\t\t}\n\t\t\t#gallery-1 img {\n\t\t\t\tborder: 2px solid #cfcfcf;\n\t\t\t}\n\t\t\t#gallery-1 .gallery-caption {\n\t\t\t\tmargin-left: 0;\n\t\t\t}\n\t\t\t\/* see gallery_shortcode() in wp-includes\/media.php *\/\n\t\t<\/style>\n\t\t<div id='gallery-1' class='gallery galleryid-17818 gallery-columns-3 gallery-size-thumbnail'><dl class='gallery-item'>\n\t\t\t<dt class='gallery-icon landscape'>\n\t\t\t\t<a href='https:\/\/shalom.org.pl\/en\/koncert-vienna-klezmore-allstars-at\/benjy-fr-photo-by-mato-johannik\/'><img fetchpriority=\"high\" decoding=\"async\" width=\"300\" height=\"300\" src=\"https:\/\/shalom.org.pl\/wp-content\/uploads\/2023\/06\/Benjy-FR-photo-by-Mato-Johannik-300x300.jpg\" class=\"attachment-thumbnail size-thumbnail\" alt=\"\" aria-describedby=\"gallery-1-17819\" \/><\/a>\n\t\t\t<\/dt>\n\t\t\t\t<dd class='wp-caption-text gallery-caption' id='gallery-1-17819'>\n\t\t\t\tBenjy Fox-Rosen \/fot. Mato Johannik\n\t\t\t\t<\/dd><\/dl><dl class='gallery-item'>\n\t\t\t<dt class='gallery-icon landscape'>\n\t\t\t\t<a href='https:\/\/shalom.org.pl\/en\/koncert-vienna-klezmore-allstars-at\/wladigeroff-brothers-photo-by-ivan-kitanovic\/'><img decoding=\"async\" width=\"300\" height=\"300\" src=\"https:\/\/shalom.org.pl\/wp-content\/uploads\/2023\/06\/Wladigeroff-Brothers-photo-by-Ivan-Kitanovic-300x300.jpeg\" class=\"attachment-thumbnail size-thumbnail\" alt=\"\" aria-describedby=\"gallery-1-17821\" \/><\/a>\n\t\t\t<\/dt>\n\t\t\t\t<dd class='wp-caption-text gallery-caption' id='gallery-1-17821'>\n\t\t\t\tBracia Wladigeroff \/fot. Ivan Kitanovic\n\t\t\t\t<\/dd><\/dl><dl class='gallery-item'>\n\t\t\t<dt class='gallery-icon landscape'>\n\t\t\t\t<a href='https:\/\/shalom.org.pl\/en\/koncert-vienna-klezmore-allstars-at\/golebiowski-photo-by-volker-gressmann\/'><img decoding=\"async\" width=\"300\" height=\"300\" src=\"https:\/\/shalom.org.pl\/wp-content\/uploads\/2023\/06\/Golebiowski-photo-by-Volker-Gressmann-300x300.jpg\" class=\"attachment-thumbnail size-thumbnail\" alt=\"\" aria-describedby=\"gallery-1-17820\" \/><\/a>\n\t\t\t<\/dt>\n\t\t\t\t<dd class='wp-caption-text gallery-caption' id='gallery-1-17820'>\n\t\t\t\tMaciej Go\u0142\u0119biowski \/fot. Volker Gressmann\n\t\t\t\t<\/dd><\/dl><br style=\"clear: both\" \/>\n\t\t<\/div>\n\n<p class=\"gwp358a5cea_MsoNormal\">Fox-Rosen, znany jako \u201ejedna ze wschodz\u0105cych gwiazd na scenie muzyki jidysz\u201d, Go\u0142\u0119biowski, prawdopodobnie najbardziej znany klarnecista orientalno-klezmerski oraz bracia Wladigeroff, jazzowo-ba\u0142ka\u0144skie gwiazdy o mi\u0119dzynarodowej s\u0142awie, interpretuj\u0105 r\u00f3\u017cnorodne tradycje klezmerskie, \u015bwiadomie tworz\u0105c przestrze\u0144 dla klezmerskich jam sessions. Zesp\u00f3\u0142 Vienna Klezmore Allstars nie zawsze wyst\u0119puje w pe\u0142nym sk\u0142adzie. Solo, duet czy trio: ka\u017cdy ich koncert jest wyj\u0105tkowy!<\/p>\n<p class=\"gwp358a5cea_MsoNormal\">&nbsp;<\/p>\n<hr>\n<p><span style=\"font-size: 10pt;\"><strong>Teatr \u017bydowski,<\/strong><strong> ul. Senatorska 35 \u2013 Scena Letnia<\/strong><\/span><\/p>\n<p><span style=\"font-size: 10pt;\">Wst\u0119p po potwierdzeniu obecno\u015bci \u2013 od 7 do 23 sierpnia w Biurze Festiwalowym, ul. Senatorska 35, tel. 694 686&nbsp;339; liczba miejsc ograniczona, miejsca nie s\u0105 numerowane<\/span><\/p>\n<hr>\n<p><span style=\"font-size: 10pt;\"><em>Zorganizowano we wsp\u00f3\u0142pracy z Austriackim Forum Kultury<\/em><\/span><\/p>\n","protected":false},"excerpt":{"rendered":"<p>Koncert | Vienna Klezmore Allstars |AT| Mi\u0119dzynarodowy band klezmerski z wiede\u0144skim urokiem! Niedawno za\u0142o\u017cony zesp\u00f3\u0142 Vienna Klezmore Allstars to unikalne [&hellip;]<\/p>\n","protected":false},"author":5,"featured_media":0,"comment_status":"open","ping_status":"open","sticky":false,"template":"","format":"standard","meta":{"_acf_changed":false,"ngg_post_thumbnail":0,"footnotes":""},"categories":[53],"tags":[71],"class_list":["post-17818","post","type-post","status-publish","format-standard","hentry","category-program","tag-koncert"],"acf":[],"_links":{"self":[{"href":"https:\/\/shalom.org.pl\/en\/wp-json\/wp\/v2\/posts\/17818","targetHints":{"allow":["GET"]}}],"collection":[{"href":"https:\/\/shalom.org.pl\/en\/wp-json\/wp\/v2\/posts"}],"about":[{"href":"https:\/\/shalom.org.pl\/en\/wp-json\/wp\/v2\/types\/post"}],"author":[{"embeddable":true,"href":"https:\/\/shalom.org.pl\/en\/wp-json\/wp\/v2\/users\/5"}],"replies":[{"embeddable":true,"href":"https:\/\/shalom.org.pl\/en\/wp-json\/wp\/v2\/comments?post=17818"}],"version-history":[{"count":1,"href":"https:\/\/shalom.org.pl\/en\/wp-json\/wp\/v2\/posts\/17818\/revisions"}],"predecessor-version":[{"id":17822,"href":"https:\/\/shalom.org.pl\/en\/wp-json\/wp\/v2\/posts\/17818\/revisions\/17822"}],"wp:attachment":[{"href":"https:\/\/shalom.org.pl\/en\/wp-json\/wp\/v2\/media?parent=17818"}],"wp:term":[{"taxonomy":"category","embeddable":true,"href":"https:\/\/shalom.org.pl\/en\/wp-json\/wp\/v2\/categories?post=17818"},{"taxonomy":"post_tag","embeddable":true,"href":"https:\/\/shalom.org.pl\/en\/wp-json\/wp\/v2\/tags?post=17818"}],"curies":[{"name":"wp","href":"https:\/\/api.w.org\/{rel}","templated":true}]}}