{"id":17816,"date":"2023-06-19T12:25:52","date_gmt":"2023-06-19T10:25:52","guid":{"rendered":"http:\/\/shalom.org.pl\/?p=17816"},"modified":"2023-07-27T14:23:59","modified_gmt":"2023-07-27T12:23:59","slug":"koncert-janusz-tencer-mazl-tow-czyli-maly-artystyczny-zespol-ludowy-tencer-oraz-wycieczka-pl-se-balagan-w-stolarni","status":"publish","type":"post","link":"https:\/\/shalom.org.pl\/en\/koncert-janusz-tencer-mazl-tow-czyli-maly-artystyczny-zespol-ludowy-tencer-oraz-wycieczka-pl-se-balagan-w-stolarni\/","title":{"rendered":"Koncert | JANUSZ TENCER &#038; MAZL TOW, czyli Ma\u0142y Artystyczny Zesp\u00f3\u0142 Ludowy Tencer Oraz Wycieczka |PL\/SE|: \u201eBa\u0142agan w stolarni\u201d"},"content":{"rendered":"<h3><strong>Koncert | JANUSZ TENCER &amp; MAZL TOW, <\/strong>czyli <strong>M<\/strong>a\u0142y <strong>A<\/strong>rtystyczny <strong>Z<\/strong>esp\u00f3\u0142 <strong>L<\/strong>udowy <strong>T<\/strong>encer <strong>O<\/strong>raz <strong>W<\/strong>ycieczka<strong> |PL\/SE|: <\/strong><strong>\u201eBa\u0142agan w stolarni\u201d<\/strong><\/h3>\n<p>Scenariusz, teksty piosenek i re\u017cyseria: <strong>Janusz Tencer<\/strong>, scenografia: <strong>Ewa \u0141aniecka<\/strong>, d\u017awi\u0119k: <strong>Jurek Wajnblom<\/strong><\/p>\n<p>Wyst\u0105pi\u0105: <strong>Janusz Tencer<\/strong> oraz zesp\u00f3\u0142 <strong>MAZL TOW<\/strong> w sk\u0142adzie: <strong>Magdalena Stoltz<\/strong>, <strong>Axel Stoltz<\/strong>, <strong>Ben Erlich<\/strong>, <strong>Erna Erlich<\/strong>, <strong>Gwidon Jakowlew<\/strong>, <strong>Hanna Jakowlew<\/strong>, <strong>Anna Fule Trymander<\/strong>, <strong>Ewa Oher<\/strong>, <strong>Maria Tencer<\/strong>, <strong>Jurek Wajnblom<\/strong>, <strong>Marek Werbart<\/strong>, <strong>Henryk Grynfeld<\/strong>, <strong>Barbara Magnusson, Mirek Ancypo<\/strong><\/p>\n<hr>\n<p><span style=\"font-size: 10pt;\"><strong>Teatr Kwadrat, ul. Marsza\u0142kowska 138<\/strong><\/span><\/p>\n<p><span style=\"font-size: 10pt;\">Wst\u0119p po potwierdzeniu obecno\u015bci \u2013 od 7 do 23 sierpnia w Biurze Festiwalowym, ul. Senatorska 35, tel. 694 686&nbsp;339; liczba miejsc ograniczona, miejsca nie s\u0105 numerowane<\/span><\/p>\n<p>&nbsp;<\/p>\n","protected":false},"excerpt":{"rendered":"<p>Koncert | JANUSZ TENCER &amp; MAZL TOW, czyli Ma\u0142y Artystyczny Zesp\u00f3\u0142 Ludowy Tencer Oraz Wycieczka |PL\/SE|: \u201eBa\u0142agan w stolarni\u201d Scenariusz, [&hellip;]<\/p>\n","protected":false},"author":5,"featured_media":0,"comment_status":"open","ping_status":"open","sticky":false,"template":"","format":"standard","meta":{"_acf_changed":false,"ngg_post_thumbnail":0,"footnotes":""},"categories":[53],"tags":[71],"class_list":["post-17816","post","type-post","status-publish","format-standard","hentry","category-program","tag-koncert"],"acf":[],"_links":{"self":[{"href":"https:\/\/shalom.org.pl\/en\/wp-json\/wp\/v2\/posts\/17816","targetHints":{"allow":["GET"]}}],"collection":[{"href":"https:\/\/shalom.org.pl\/en\/wp-json\/wp\/v2\/posts"}],"about":[{"href":"https:\/\/shalom.org.pl\/en\/wp-json\/wp\/v2\/types\/post"}],"author":[{"embeddable":true,"href":"https:\/\/shalom.org.pl\/en\/wp-json\/wp\/v2\/users\/5"}],"replies":[{"embeddable":true,"href":"https:\/\/shalom.org.pl\/en\/wp-json\/wp\/v2\/comments?post=17816"}],"version-history":[{"count":3,"href":"https:\/\/shalom.org.pl\/en\/wp-json\/wp\/v2\/posts\/17816\/revisions"}],"predecessor-version":[{"id":18331,"href":"https:\/\/shalom.org.pl\/en\/wp-json\/wp\/v2\/posts\/17816\/revisions\/18331"}],"wp:attachment":[{"href":"https:\/\/shalom.org.pl\/en\/wp-json\/wp\/v2\/media?parent=17816"}],"wp:term":[{"taxonomy":"category","embeddable":true,"href":"https:\/\/shalom.org.pl\/en\/wp-json\/wp\/v2\/categories?post=17816"},{"taxonomy":"post_tag","embeddable":true,"href":"https:\/\/shalom.org.pl\/en\/wp-json\/wp\/v2\/tags?post=17816"}],"curies":[{"name":"wp","href":"https:\/\/api.w.org\/{rel}","templated":true}]}}