{"id":17806,"date":"2023-06-19T12:26:55","date_gmt":"2023-06-19T10:26:55","guid":{"rendered":"http:\/\/shalom.org.pl\/?p=17806"},"modified":"2023-06-19T12:26:55","modified_gmt":"2023-06-19T10:26:55","slug":"fotografie-z-getta-spotkanie-z-maciejem-grzywaczewskim-i-zuzanna-schnepf-kolacz","status":"publish","type":"post","link":"https:\/\/shalom.org.pl\/en\/fotografie-z-getta-spotkanie-z-maciejem-grzywaczewskim-i-zuzanna-schnepf-kolacz\/","title":{"rendered":"\u201eFotografie z getta\u201d  \u2013 spotkanie z Maciejem Grzywaczewskim i Zuzann\u0105 Schnepf-Ko\u0142acz"},"content":{"rendered":"<h3>\u201eFotografie z getta\u201d \u2013 spotkanie z Maciejem Grzywaczewskim i Zuzann\u0105 Schnepf-Ko\u0142acz<\/h3>\n<p>Prowadzenie:<strong> Remigiusz Grzela<\/strong><\/p>\n<hr>\n<p><span style=\"font-size: 10pt;\"><strong>Austriackie Forum Kultury<\/strong><strong>, ul. Pr\u00f3\u017cna 7\/9<\/strong><\/span><\/p>\n<p><span style=\"font-size: 10pt;\">Wst\u0119p wolny<\/span><\/p>\n","protected":false},"excerpt":{"rendered":"<p>\u201eFotografie z getta\u201d \u2013 spotkanie z Maciejem Grzywaczewskim i Zuzann\u0105 Schnepf-Ko\u0142acz Prowadzenie: Remigiusz Grzela Austriackie Forum Kultury, ul. Pr\u00f3\u017cna 7\/9 [&hellip;]<\/p>\n","protected":false},"author":5,"featured_media":0,"comment_status":"open","ping_status":"open","sticky":false,"template":"","format":"standard","meta":{"_acf_changed":false,"ngg_post_thumbnail":0,"footnotes":""},"categories":[53],"tags":[75],"class_list":["post-17806","post","type-post","status-publish","format-standard","hentry","category-program","tag-spotkanie"],"acf":[],"_links":{"self":[{"href":"https:\/\/shalom.org.pl\/en\/wp-json\/wp\/v2\/posts\/17806","targetHints":{"allow":["GET"]}}],"collection":[{"href":"https:\/\/shalom.org.pl\/en\/wp-json\/wp\/v2\/posts"}],"about":[{"href":"https:\/\/shalom.org.pl\/en\/wp-json\/wp\/v2\/types\/post"}],"author":[{"embeddable":true,"href":"https:\/\/shalom.org.pl\/en\/wp-json\/wp\/v2\/users\/5"}],"replies":[{"embeddable":true,"href":"https:\/\/shalom.org.pl\/en\/wp-json\/wp\/v2\/comments?post=17806"}],"version-history":[{"count":1,"href":"https:\/\/shalom.org.pl\/en\/wp-json\/wp\/v2\/posts\/17806\/revisions"}],"predecessor-version":[{"id":17807,"href":"https:\/\/shalom.org.pl\/en\/wp-json\/wp\/v2\/posts\/17806\/revisions\/17807"}],"wp:attachment":[{"href":"https:\/\/shalom.org.pl\/en\/wp-json\/wp\/v2\/media?parent=17806"}],"wp:term":[{"taxonomy":"category","embeddable":true,"href":"https:\/\/shalom.org.pl\/en\/wp-json\/wp\/v2\/categories?post=17806"},{"taxonomy":"post_tag","embeddable":true,"href":"https:\/\/shalom.org.pl\/en\/wp-json\/wp\/v2\/tags?post=17806"}],"curies":[{"name":"wp","href":"https:\/\/api.w.org\/{rel}","templated":true}]}}