{"id":17799,"date":"2023-06-19T11:59:21","date_gmt":"2023-06-19T09:59:21","guid":{"rendered":"http:\/\/shalom.org.pl\/?p=17799"},"modified":"2023-07-13T23:12:15","modified_gmt":"2023-07-13T21:12:15","slug":"praskie-judaika-po-rewitalizacji-spacer-miejski-z-katarzyna-chudzynska-szuchnik","status":"publish","type":"post","link":"https:\/\/shalom.org.pl\/en\/praskie-judaika-po-rewitalizacji-spacer-miejski-z-katarzyna-chudzynska-szuchnik\/","title":{"rendered":"\u201ePraskie judaika po rewitalizacji\u201d \u2013 spacer miejski z Katarzyn\u0105 Chudy\u0144sk\u0105-Szuchnik"},"content":{"rendered":"<h3><strong>\u201ePraskie judaika po rewitalizacji\u201d \u2013 spacer miejski z Katarzyn\u0105 Chudy\u0144sk\u0105-Szuchnik<\/strong><\/h3>\n<p>Miejsce zbi\u00f3rki: &nbsp;plac przed budynkiem Dyrekcji Okr\u0119gowej Kolei Pa\u0144stwowej, ul. Targowa 74<\/p>\n<hr>\n<p><span style=\"font-size: 10pt;\">Wst\u0119p wolny<\/span><\/p>\n","protected":false},"excerpt":{"rendered":"<p>\u201ePraskie judaika po rewitalizacji\u201d \u2013 spacer miejski z Katarzyn\u0105 Chudy\u0144sk\u0105-Szuchnik Miejsce zbi\u00f3rki: &nbsp;plac przed budynkiem Dyrekcji Okr\u0119gowej Kolei Pa\u0144stwowej, ul. [&hellip;]<\/p>\n","protected":false},"author":5,"featured_media":0,"comment_status":"open","ping_status":"open","sticky":false,"template":"","format":"standard","meta":{"_acf_changed":false,"ngg_post_thumbnail":0,"footnotes":""},"categories":[53],"tags":[77],"class_list":["post-17799","post","type-post","status-publish","format-standard","hentry","category-program","tag-spacer"],"acf":[],"_links":{"self":[{"href":"https:\/\/shalom.org.pl\/en\/wp-json\/wp\/v2\/posts\/17799","targetHints":{"allow":["GET"]}}],"collection":[{"href":"https:\/\/shalom.org.pl\/en\/wp-json\/wp\/v2\/posts"}],"about":[{"href":"https:\/\/shalom.org.pl\/en\/wp-json\/wp\/v2\/types\/post"}],"author":[{"embeddable":true,"href":"https:\/\/shalom.org.pl\/en\/wp-json\/wp\/v2\/users\/5"}],"replies":[{"embeddable":true,"href":"https:\/\/shalom.org.pl\/en\/wp-json\/wp\/v2\/comments?post=17799"}],"version-history":[{"count":3,"href":"https:\/\/shalom.org.pl\/en\/wp-json\/wp\/v2\/posts\/17799\/revisions"}],"predecessor-version":[{"id":18095,"href":"https:\/\/shalom.org.pl\/en\/wp-json\/wp\/v2\/posts\/17799\/revisions\/18095"}],"wp:attachment":[{"href":"https:\/\/shalom.org.pl\/en\/wp-json\/wp\/v2\/media?parent=17799"}],"wp:term":[{"taxonomy":"category","embeddable":true,"href":"https:\/\/shalom.org.pl\/en\/wp-json\/wp\/v2\/categories?post=17799"},{"taxonomy":"post_tag","embeddable":true,"href":"https:\/\/shalom.org.pl\/en\/wp-json\/wp\/v2\/tags?post=17799"}],"curies":[{"name":"wp","href":"https:\/\/api.w.org\/{rel}","templated":true}]}}