{"id":17792,"date":"2023-06-19T12:28:00","date_gmt":"2023-06-19T10:28:00","guid":{"rendered":"http:\/\/shalom.org.pl\/?p=17792"},"modified":"2023-07-15T18:36:48","modified_gmt":"2023-07-15T16:36:48","slug":"zydowski-salon-literacki-jubileusz-jozefa-hena","status":"publish","type":"post","link":"https:\/\/shalom.org.pl\/en\/zydowski-salon-literacki-jubileusz-jozefa-hena\/","title":{"rendered":"\u017bydowski Salon Literacki | Jubileusz 100-lecia urodzin J\u00d3ZEFA HENA"},"content":{"rendered":"<h3><strong>\u017bydowski Salon Literacki | <\/strong><strong>Jubileusz 100-lecia urodzin J\u00d3ZEFA HENA<\/strong><\/h3>\n<p>Prowadzenie:<strong> Remigiusz Grzela<\/strong><\/p>\n<p>Fragmenty prozy J\u00f3zefa Hena przeczyta<strong> Piotr Sierecki<\/strong><\/p>\n<p>8 listopada 2023 wybitny pisarz J\u00f3zef Hen b\u0119dzie \u015bwi\u0119towa\u0142 100. urodziny. Z tej okazji zapraszamy do rozmowy o jego epoce i bogatej tw\u00f3rczo\u015bci, kt\u00f3ra zawsze, nawet je\u015bli osadzona w wydarzeniach historycznych, zanurzona by\u0142a w problemach nam bliskich i nas bol\u0105cych. Hen jest autorem jednej z najwa\u017cniejszych powie\u015bci o Warszawie \u201eNowolipie\u201d \u2013 autobiograficznej relacji z ko\u0144ca przedwojennego \u015bwiata, przede wszystkim \u015bwiata warszawskich \u017byd\u00f3w.<\/p>\n<p><img fetchpriority=\"high\" decoding=\"async\" class=\"alignnone wp-image-13929\" src=\"http:\/\/shalom.org.pl\/wp-content\/uploads\/2021\/06\/j\u00f3zef-hen-300x229.jpg\" alt=\"\" width=\"600\" height=\"458\" srcset=\"https:\/\/shalom.org.pl\/wp-content\/uploads\/2021\/06\/j\u00f3zef-hen-300x229.jpg 300w, https:\/\/shalom.org.pl\/wp-content\/uploads\/2021\/06\/j\u00f3zef-hen-768x586.jpg 768w, https:\/\/shalom.org.pl\/wp-content\/uploads\/2021\/06\/j\u00f3zef-hen-334x255.jpg 334w, https:\/\/shalom.org.pl\/wp-content\/uploads\/2021\/06\/j\u00f3zef-hen-350x267.jpg 350w, https:\/\/shalom.org.pl\/wp-content\/uploads\/2021\/06\/j\u00f3zef-hen.jpg 975w\" sizes=\"(max-width: 600px) 100vw, 600px\" \/><\/p>\n<p><strong>J\u00f3zef Hen<\/strong> &#8211; prozaik, publicysta, dramaturg i scenarzysta. W dzieci\u0144stwie pisywa\u0142 do \u201eMa\u0142ego Przegl\u0105du\u201d.&nbsp; Autor powie\u015bci i zbior\u00f3w opowiada\u0144, m.in. \u201eCud z chlebem\u201d (1956), \u201eKwiecie\u0144\u201d &nbsp;(Ksi\u0105\u017cka Roku 1961), \u201eNikt nie wo\u0142a\u201d (napisana w 1957, wydana w 1990), \u201eKrzy\u017c Walecznych\u201d (1964), \u201ePrzed wielk\u0105 pauz\u0105\u201d (1966), \u201eOp\u00f3r<em>\u201d<\/em>&nbsp;(1967), \u201eOko Dajana\u201d (tryptyk nowelistyczny 1969-1972, drukowany w paryskiej \u201eKulturze\u201d pod pseudonimem Korab), \u201eTwarz Pokerzysty\u201d , \u201eMgie\u0142ka<em>\u201d (<\/em>1972), \u201eMilcz\u0105ce mi\u0119dzy nami\u201d (1985), \u201eOdej\u015bcie Afrodyty\u201d (1995), \u201ePingpongista\u201d (2008), \u201eSz\u00f3ste, najm\u0142odsze\u201d (2012). Publikowa\u0142 powie\u015bci historyczne: \u201eCrimen\u201d (1975), \u201eKr\u00f3lewskie sny<em>\u201d<\/em>&nbsp;(1989), wspomnienia: \u201eNowolipie\u201d (1991) i \u201eNajpi\u0119kniejsze lata\u201d ( 1996), &nbsp;tomy zapisk\u00f3w \u201eNie boj\u0119 si\u0119 bezsennych nocy\u201d (1987, 1992, 2001), a tak\u017ce \u201eDziennik na nowy wiek\u201d (2010), \u201ePowr\u00f3t do bezsennych nocy\u201d (2016), \u201eJa, deprawator\u201d (2018), \u201eBez l\u0119ku. Dziennik wsp\u00f3\u0142czesny\u201d (2020). Autor g\u0142o\u015bnych biografii: \u201eJa, Micha\u0142 z Montaigne\u201d (1978), \u201eBoy-\u017bele\u0144ski. B\u0142azen \u2013 wielki m\u0105\u017c\u201d (1998), \u201eM\u00f3j przyjaciel kr\u00f3l\u201d (o Stanis\u0142awie Augu\u015bcie, 2003).&nbsp; W 2014 roku ukaza\u0142 si\u0119 wyb\u00f3r wywiad\u00f3w \u201eWiem, co m\u00f3wi\u0119, czyli dialogi uzdrawiaj\u0105ce. Spotkania z J\u00f3zefem Henem\u201d<strong>.<\/strong>&nbsp;<\/p>\n<p>Jest autorem scenariuszy filmowych, m.in. \u201eKrzy\u017c Walecznych\u201d, \u201eNikt nie wo\u0142a\u201d, \u201eBokser i \u015bmier\u0107\u201d, \u201ePrawo i pi\u0119\u015b\u0107\u201d, &#8220;Don Gabriel&#8221; oraz seriali: \u201e\u017bycie Kamila Kuranta\u201d i \u201eKr\u00f3lewskie sny\u201d. Jego utwory t\u0142umaczono na ponad 20 j\u0119zyk\u00f3w.<\/p>\n<hr>\n<p><span style=\"font-size: 10pt;\"><strong>Du\u017ca Scena Teatru \u017bydowskiego, Klub Dow\u00f3dztwa Garnizonu Warszawa, al. Niepodleg\u0142o\u015bci 141a<\/strong><\/span><\/p>\n<p><span style=\"font-size: 10pt;\">Wst\u0119p po potwierdzeniu obecno\u015bci \u2013 od 7 do 23 sierpnia w Biurze Festiwalowym, ul. Senatorska 35, tel. 694 686&nbsp;339; miejsca nie s\u0105 numerowane<\/span><\/p>\n","protected":false},"excerpt":{"rendered":"<p>\u017bydowski Salon Literacki | Jubileusz 100-lecia urodzin J\u00d3ZEFA HENA Prowadzenie: Remigiusz Grzela Fragmenty prozy J\u00f3zefa Hena przeczyta Piotr Sierecki 8 [&hellip;]<\/p>\n","protected":false},"author":5,"featured_media":0,"comment_status":"open","ping_status":"open","sticky":false,"template":"","format":"standard","meta":{"_acf_changed":false,"ngg_post_thumbnail":0,"footnotes":""},"categories":[53],"tags":[73],"class_list":["post-17792","post","type-post","status-publish","format-standard","hentry","category-program","tag-salon-literacki"],"acf":[],"_links":{"self":[{"href":"https:\/\/shalom.org.pl\/en\/wp-json\/wp\/v2\/posts\/17792","targetHints":{"allow":["GET"]}}],"collection":[{"href":"https:\/\/shalom.org.pl\/en\/wp-json\/wp\/v2\/posts"}],"about":[{"href":"https:\/\/shalom.org.pl\/en\/wp-json\/wp\/v2\/types\/post"}],"author":[{"embeddable":true,"href":"https:\/\/shalom.org.pl\/en\/wp-json\/wp\/v2\/users\/5"}],"replies":[{"embeddable":true,"href":"https:\/\/shalom.org.pl\/en\/wp-json\/wp\/v2\/comments?post=17792"}],"version-history":[{"count":4,"href":"https:\/\/shalom.org.pl\/en\/wp-json\/wp\/v2\/posts\/17792\/revisions"}],"predecessor-version":[{"id":18143,"href":"https:\/\/shalom.org.pl\/en\/wp-json\/wp\/v2\/posts\/17792\/revisions\/18143"}],"wp:attachment":[{"href":"https:\/\/shalom.org.pl\/en\/wp-json\/wp\/v2\/media?parent=17792"}],"wp:term":[{"taxonomy":"category","embeddable":true,"href":"https:\/\/shalom.org.pl\/en\/wp-json\/wp\/v2\/categories?post=17792"},{"taxonomy":"post_tag","embeddable":true,"href":"https:\/\/shalom.org.pl\/en\/wp-json\/wp\/v2\/tags?post=17792"}],"curies":[{"name":"wp","href":"https:\/\/api.w.org\/{rel}","templated":true}]}}