{"id":17784,"date":"2023-06-19T11:56:48","date_gmt":"2023-06-19T09:56:48","guid":{"rendered":"http:\/\/shalom.org.pl\/?p=17784"},"modified":"2023-08-18T14:56:53","modified_gmt":"2023-08-18T12:56:53","slug":"kino-kultura-pokaz-filmu-demon-90-min-ostatni-film-marcina-wrony-w-50-rocznice-urodzin-rezysera","status":"publish","type":"post","link":"https:\/\/shalom.org.pl\/en\/kino-kultura-pokaz-filmu-demon-90-min-ostatni-film-marcina-wrony-w-50-rocznice-urodzin-rezysera\/","title":{"rendered":"Pokaz filmu | \u201eDemon\u201d (Polska, Izrael 2015, 90 min) \u2013 ostatni film Marcina Wrony w 50. rocznic\u0119 urodzin re\u017cysera"},"content":{"rendered":"<h3>Pokaz filmu | \u201eDemon\u201d (Polska, Izrael 2015, 90 min) \u2013 ostatni film Marcina Wrony w 50. rocznic\u0119 urodzin re\u017cysera<\/h3>\n<div>Po projekcji odb\u0119dzie si\u0119 spotkanie z udzia\u0142em <strong>Paw\u0142a Ma\u015blony<\/strong> \u2013 re\u017cysera, scenarzysty i monta\u017cysty filmowego, kt\u00f3re poprowadzi filmoznawczyni, krytyczka, animatorka kultury <strong>Anita Skwara<\/strong>.<\/div>\n<div>&nbsp;<\/div>\n<div>Piotr, nazywany przez przyjaci\u00f3\u0142 Pytonem, przyje\u017cd\u017ca z Anglii do Polski na \u015blub z pi\u0119kn\u0105 \u017banet\u0105. W starym domu otrzymanym w prezencie od przysz\u0142ego te\u015bcia zamierza urz\u0105dzi\u0107 rodzinne gniazdko dla siebie i narzeczonej. Plany komplikuj\u0105 si\u0119, gdy w przeddzie\u0144 wesela m\u0119\u017cczyzna znajduje ludzkie szcz\u0105tki, zakopane nieopodal posesji. W trakcie ogl\u0119dzin dochodzi do nieszcz\u0119\u015bliwego wypadku. Piotr traci przytomno\u015b\u0107, a po odzyskaniu \u015bwiadomo\u015bci odkrywa, \u017ce jego makabryczne znalezisko znikn\u0119\u0142o, a on sam nie potrafi przypomnie\u0107 sobie niczego z ostatnich godzin. Tymczasem rozpoczyna si\u0119 wesele. Zaproszeni na ceremoni\u0119 go\u015bcie, na czele z bratem \u017banety &#8211; Jasnym dostrzegaj\u0105, \u017ce z panem m\u0142odym zaczyna dzia\u0107 si\u0119 co\u015b niepokoj\u0105cego&#8230;<\/div>\n<div>Ostatni, \u0142\u0105cz\u0105cy gatunek horroru z dramatem obyczajowym film Marcina Wrony poruszaj\u0105cy temat traum mi\u0119dzypokoleniowych, l\u0119ku przed Innym i wypieraniem historii ze zbiorowej \u015bwiadomo\u015bci. Bogaty w tre\u015b\u0107, przejmuj\u0105cy obraz z pi\u0119knymi zdj\u0119ciami, \u015bwietn\u0105 obsad\u0105 i doskona\u0142\u0105 muzyk\u0105.<\/div>\n<div>&nbsp;<\/div>\n<hr>\n<p><span style=\"font-size: 10pt;\"><strong>Kino Kultura, ul. Krakowskie Przedmie\u015bcie 21\/23<\/strong><\/span><\/p>\n<p><span style=\"font-size: 10pt;\">Wst\u0119p bezp\u0142atny, wej\u015bci\u00f3wki wydawane od 23.08 w kasie kina<\/span><\/p>\n<hr>\n<p><span style=\"font-size: 10pt;\"><em>Impreza towarzysz\u0105ca zorganizowana przez Stowarzyszenie Filmowc\u00f3w Polskich <\/em><\/span><\/p>\n","protected":false},"excerpt":{"rendered":"<p>Pokaz filmu | \u201eDemon\u201d (Polska, Izrael 2015, 90 min) \u2013 ostatni film Marcina Wrony w 50. rocznic\u0119 urodzin re\u017cysera Po [&hellip;]<\/p>\n","protected":false},"author":5,"featured_media":0,"comment_status":"open","ping_status":"open","sticky":false,"template":"","format":"standard","meta":{"_acf_changed":false,"ngg_post_thumbnail":0,"footnotes":""},"categories":[53],"tags":[402],"class_list":["post-17784","post","type-post","status-publish","format-standard","hentry","category-program","tag-pokaz-filmu"],"acf":[],"_links":{"self":[{"href":"https:\/\/shalom.org.pl\/en\/wp-json\/wp\/v2\/posts\/17784","targetHints":{"allow":["GET"]}}],"collection":[{"href":"https:\/\/shalom.org.pl\/en\/wp-json\/wp\/v2\/posts"}],"about":[{"href":"https:\/\/shalom.org.pl\/en\/wp-json\/wp\/v2\/types\/post"}],"author":[{"embeddable":true,"href":"https:\/\/shalom.org.pl\/en\/wp-json\/wp\/v2\/users\/5"}],"replies":[{"embeddable":true,"href":"https:\/\/shalom.org.pl\/en\/wp-json\/wp\/v2\/comments?post=17784"}],"version-history":[{"count":5,"href":"https:\/\/shalom.org.pl\/en\/wp-json\/wp\/v2\/posts\/17784\/revisions"}],"predecessor-version":[{"id":18516,"href":"https:\/\/shalom.org.pl\/en\/wp-json\/wp\/v2\/posts\/17784\/revisions\/18516"}],"wp:attachment":[{"href":"https:\/\/shalom.org.pl\/en\/wp-json\/wp\/v2\/media?parent=17784"}],"wp:term":[{"taxonomy":"category","embeddable":true,"href":"https:\/\/shalom.org.pl\/en\/wp-json\/wp\/v2\/categories?post=17784"},{"taxonomy":"post_tag","embeddable":true,"href":"https:\/\/shalom.org.pl\/en\/wp-json\/wp\/v2\/tags?post=17784"}],"curies":[{"name":"wp","href":"https:\/\/api.w.org\/{rel}","templated":true}]}}