{"id":17775,"date":"2023-06-19T12:28:59","date_gmt":"2023-06-19T10:28:59","guid":{"rendered":"http:\/\/shalom.org.pl\/?p=17775"},"modified":"2023-06-19T12:28:59","modified_gmt":"2023-06-19T10:28:59","slug":"spotkanie-z-cyklu-opowiedz-mi-swoja-historie-z-anna-stupnicka-bando-prezesem-zarzadu-polskiego-towarzystwo-towarzystwa-sprawiedliwych-wsrod-narodow-swiata","status":"publish","type":"post","link":"https:\/\/shalom.org.pl\/en\/spotkanie-z-cyklu-opowiedz-mi-swoja-historie-z-anna-stupnicka-bando-prezesem-zarzadu-polskiego-towarzystwo-towarzystwa-sprawiedliwych-wsrod-narodow-swiata\/","title":{"rendered":"Spotkanie z cyklu \u201eOpowiedz mi swoja histori\u0119\u201d z Ann\u0105 Stupnick\u0105-Bando \u2013 prezesem Zarz\u0105du  Polskiego Towarzystwo Towarzystwa Sprawiedliwych W\u015br\u00f3d Narod\u00f3w \u015awiata"},"content":{"rendered":"<h3><strong>Spotkanie z cyklu \u201eOpowiedz mi swoja histori\u0119\u201d Ann\u0105 Stupnick\u0105-Bando \u2013 prezesem Zarz\u0105du Polskiego Towarzystwa Sprawiedliwych W\u015br\u00f3d Narod\u00f3w \u015awiata<\/strong><\/h3>\n<p>Prowadzenie:<strong> Jan Ordy\u0144ski<\/strong><\/p>\n<p>Polskie Towarzystwo Sprawiedliwych w\u015br\u00f3d Narod\u00f3w \u015awiata zrzesza obywateli polskich uhonorowanych tytu\u0142em Sprawiedliwych oraz ich potomk\u00f3w. Celem towarzystwa jest upami\u0119tnianie Sprawiedliwych, szerzenie wiedzy o okupacji niemieckiej w Polsce, Zag\u0142adzie i ratowaniu \u017byd\u00f3w, a tak\u017ce przeciwdzia\u0142anie antysemityzmowi i ksenofobii.&nbsp;<\/p>\n<hr>\n<p><span style=\"font-size: 10pt;\"><strong>Austriackie Forum Kultury<\/strong><strong>, ul. Pr\u00f3\u017cna 7\/9<\/strong><\/span><\/p>\n<p><span style=\"font-size: 10pt;\">Wst\u0119p wolny, miejsca nie s\u0105 numerowane<\/span><\/p>\n<p><span style=\"font-size: 10pt;\">Wydarzenie transmitowane tak\u017ce on-line \u2013 na profilach Austriackiego Forum Kultury i Festiwalu Warszawa Singera na Facebooku<\/span><\/p>\n<p>&nbsp;<\/p>\n","protected":false},"excerpt":{"rendered":"<p>Spotkanie z cyklu \u201eOpowiedz mi swoja histori\u0119\u201d Ann\u0105 Stupnick\u0105-Bando \u2013 prezesem Zarz\u0105du Polskiego Towarzystwa Sprawiedliwych W\u015br\u00f3d Narod\u00f3w \u015awiata Prowadzenie: Jan [&hellip;]<\/p>\n","protected":false},"author":5,"featured_media":0,"comment_status":"open","ping_status":"open","sticky":false,"template":"","format":"standard","meta":{"_acf_changed":false,"ngg_post_thumbnail":0,"footnotes":""},"categories":[53],"tags":[75],"class_list":["post-17775","post","type-post","status-publish","format-standard","hentry","category-program","tag-spotkanie"],"acf":[],"_links":{"self":[{"href":"https:\/\/shalom.org.pl\/en\/wp-json\/wp\/v2\/posts\/17775","targetHints":{"allow":["GET"]}}],"collection":[{"href":"https:\/\/shalom.org.pl\/en\/wp-json\/wp\/v2\/posts"}],"about":[{"href":"https:\/\/shalom.org.pl\/en\/wp-json\/wp\/v2\/types\/post"}],"author":[{"embeddable":true,"href":"https:\/\/shalom.org.pl\/en\/wp-json\/wp\/v2\/users\/5"}],"replies":[{"embeddable":true,"href":"https:\/\/shalom.org.pl\/en\/wp-json\/wp\/v2\/comments?post=17775"}],"version-history":[{"count":1,"href":"https:\/\/shalom.org.pl\/en\/wp-json\/wp\/v2\/posts\/17775\/revisions"}],"predecessor-version":[{"id":17776,"href":"https:\/\/shalom.org.pl\/en\/wp-json\/wp\/v2\/posts\/17775\/revisions\/17776"}],"wp:attachment":[{"href":"https:\/\/shalom.org.pl\/en\/wp-json\/wp\/v2\/media?parent=17775"}],"wp:term":[{"taxonomy":"category","embeddable":true,"href":"https:\/\/shalom.org.pl\/en\/wp-json\/wp\/v2\/categories?post=17775"},{"taxonomy":"post_tag","embeddable":true,"href":"https:\/\/shalom.org.pl\/en\/wp-json\/wp\/v2\/tags?post=17775"}],"curies":[{"name":"wp","href":"https:\/\/api.w.org\/{rel}","templated":true}]}}