{"id":17769,"date":"2023-06-19T12:29:47","date_gmt":"2023-06-19T10:29:47","guid":{"rendered":"http:\/\/shalom.org.pl\/?p=17769"},"modified":"2023-08-18T13:28:45","modified_gmt":"2023-08-18T11:28:45","slug":"swiat-bajek-singera-trojwymiarowe-obrazy-warsztaty-dla-mlodziezy-od-13-lat-i-doroslych-prowadzenie-dominika-ludwig","status":"publish","type":"post","link":"https:\/\/shalom.org.pl\/en\/swiat-bajek-singera-trojwymiarowe-obrazy-warsztaty-dla-mlodziezy-od-13-lat-i-doroslych-prowadzenie-dominika-ludwig\/","title":{"rendered":"\u201e\u015awiat bajek Singera \u2013 tr\u00f3jwymiarowe obrazy\u201d \u2013 warsztaty dla m\u0142odzie\u017cy (od 13 lat) i doros\u0142ych, prowadzenie: Dominika Ludwig"},"content":{"rendered":"<h3><strong>\u201e\u015awiat bajek Singera \u2013 tr\u00f3jwymiarowe obrazy\u201d \u2013 warsztaty dla m\u0142odzie\u017cy (od 13 lat) i doros\u0142ych<\/strong>, prowadzenie: <strong>Dominika Ludwig<\/strong><\/h3>\n<p>Bajki Izaaka Baszewisa Singera to niezwykle barwne opowie\u015bci, kt\u00f3re od dekad zachwycaj\u0105 dzieci i doros\u0142ych na ca\u0142ym \u015bwiecie. Podczas warsztat\u00f3w w Centrum Kultury Jidysz stan\u0105 si\u0119 one inspiracj\u0105 do stworzenia tr\u00f3jwymiarowych obraz\u00f3w. Uczestnicy poznaj\u0105 r\u00f3\u017cne techniki wycinanki i kola\u017cu, kt\u00f3re pos\u0142u\u017c\u0105 im do o\u017cywienia najbardziej znanych postaci z opowie\u015bci Singera.&nbsp;<\/p>\n<p>Dominika Ludwig mieszka w Warszawie, pochodzi z Sejn. Historyczka sztuki z do\u015bwiadczeniem w tworzeniu koncepcji i realizacji projekt\u00f3w z obszaru kultury, jak r\u00f3wnie\u017c ich promocji. Zwi\u0105zana m.in. z Centrum Kultury Jidysz oraz O\u015brodkiem \u201ePogranicze\u201d w Sejnach. Wsp\u00f3\u0142tw\u00f3rczyni Filmowej Kolekcji Opowie\u015bci Pogranicza.<\/p>\n<hr>\n<p><span style=\"font-size: 10pt;\"><strong>Centrum Kultury Jidysz, ul. Andersa 15<\/strong><\/span><\/p>\n<p><span style=\"font-size: 10pt;\">Warsztat bezp\u0142atny, zapisy od 14 do 25 sierpnia na adres: ckj@jidysz.org.pl<\/span><\/p>\n","protected":false},"excerpt":{"rendered":"<p>\u201e\u015awiat bajek Singera \u2013 tr\u00f3jwymiarowe obrazy\u201d \u2013 warsztaty dla m\u0142odzie\u017cy (od 13 lat) i doros\u0142ych, prowadzenie: Dominika Ludwig Bajki Izaaka [&hellip;]<\/p>\n","protected":false},"author":5,"featured_media":0,"comment_status":"open","ping_status":"open","sticky":false,"template":"","format":"standard","meta":{"_acf_changed":false,"ngg_post_thumbnail":0,"footnotes":""},"categories":[53],"tags":[89],"class_list":["post-17769","post","type-post","status-publish","format-standard","hentry","category-program","tag-warsztaty"],"acf":[],"_links":{"self":[{"href":"https:\/\/shalom.org.pl\/en\/wp-json\/wp\/v2\/posts\/17769","targetHints":{"allow":["GET"]}}],"collection":[{"href":"https:\/\/shalom.org.pl\/en\/wp-json\/wp\/v2\/posts"}],"about":[{"href":"https:\/\/shalom.org.pl\/en\/wp-json\/wp\/v2\/types\/post"}],"author":[{"embeddable":true,"href":"https:\/\/shalom.org.pl\/en\/wp-json\/wp\/v2\/users\/5"}],"replies":[{"embeddable":true,"href":"https:\/\/shalom.org.pl\/en\/wp-json\/wp\/v2\/comments?post=17769"}],"version-history":[{"count":3,"href":"https:\/\/shalom.org.pl\/en\/wp-json\/wp\/v2\/posts\/17769\/revisions"}],"predecessor-version":[{"id":18469,"href":"https:\/\/shalom.org.pl\/en\/wp-json\/wp\/v2\/posts\/17769\/revisions\/18469"}],"wp:attachment":[{"href":"https:\/\/shalom.org.pl\/en\/wp-json\/wp\/v2\/media?parent=17769"}],"wp:term":[{"taxonomy":"category","embeddable":true,"href":"https:\/\/shalom.org.pl\/en\/wp-json\/wp\/v2\/categories?post=17769"},{"taxonomy":"post_tag","embeddable":true,"href":"https:\/\/shalom.org.pl\/en\/wp-json\/wp\/v2\/tags?post=17769"}],"curies":[{"name":"wp","href":"https:\/\/api.w.org\/{rel}","templated":true}]}}