{"id":17766,"date":"2023-06-19T12:30:33","date_gmt":"2023-06-19T10:30:33","guid":{"rendered":"http:\/\/shalom.org.pl\/?p=17766"},"modified":"2023-07-13T23:00:33","modified_gmt":"2023-07-13T21:00:33","slug":"zydowski-salon-literacki-spotkanie-z-jaroslawem-kurskim-promujace-ksiazke-dziady-i-dybuki","status":"publish","type":"post","link":"https:\/\/shalom.org.pl\/en\/zydowski-salon-literacki-spotkanie-z-jaroslawem-kurskim-promujace-ksiazke-dziady-i-dybuki\/","title":{"rendered":"\u017bydowski Salon Literacki | Spotkanie autorskie z Jaros\u0142awem Kurskim wok\u00f3\u0142 ksi\u0105\u017cki \u201eDziady i dybuki\u201d"},"content":{"rendered":"<h3 style=\"padding-left: 40px; text-align: left;\">\u017bydowski Salon Literacki | Spotkanie autorskie z Jaros\u0142awem Kurskim wok\u00f3\u0142 ksi\u0105\u017cki \u201eDziady i dybuki\u201d<\/h3>\n<p>Prowadzenie:<strong> Remigiusz Grzela<\/strong><\/p>\n<p>\u201eDziady i dybuki\u201d (Wydawnictwo Agora, 2022) to bez w\u0105tpienia najwa\u017cniejsza ksi\u0105\u017cka ubieg\u0142ego roku.<\/p>\n<p>Historia rodzinna, kt\u00f3r\u0105 Jaros\u0142aw Kurski usi\u0142owa\u0142 rekonstruowa\u0107 przez lata. Opowie\u015b\u0107 o tragicznych losach \u017cydowskiej rodziny, losach ukrywanych i przemilczanych. O poszukiwaniu drogi do polsko\u015bci. Prywatne historyczne \u015bledztwo prowadzi Jaros\u0142awa Kurskiego od Ukrainy po Australi\u0119.<\/p>\n<p>\u201eOd pierwszego zdania o Mamie Autora nie mog\u0142em si\u0119 oderwa\u0107 od tej ksi\u0105\u017cki, p\u00f3ki nie dotar\u0142em do ostatniego. Ksi\u0105\u017cka fascynuje i wci\u0105ga,&nbsp;gdy\u017c&nbsp;jest opowie\u015bci\u0105 detektywistyczn\u0105 o koligacjach rodzinnych (niesamowitych, zda si\u0119&nbsp;\u2013&nbsp;nieprawdopodobnych!). \u201eDziady&nbsp;i dybuki\u201d potwierdzaj\u0105&nbsp;atrakcyjno\u015b\u0107 idei akulturacji w polszczy\u017anie. Roman Dmowski ba\u0142by si\u0119 takich ludzi jak ukochana Mama Jarka; przy tem posta\u0107 to skomplikowana, wzorcowo wydobyta z wizerunku Polski Jagiello\u0144skiej.\u201d &nbsp;&nbsp;Marian Turski&nbsp;&nbsp;&nbsp;&nbsp;<\/p>\n<p>\u201eKsi\u0105\u017cka potwierdza, \u017ce istniej\u0105 polscy marani, kt\u00f3rzy jak hiszpa\u0144scy conversos przyj\u0119li chrze\u015bcija\u0144stwo, ale zachowali pami\u0119\u0107 o swym \u017cydowskim pochodzeniu. Jaros\u0142aw Kurski, prze\u0142amuj\u0105c zmow\u0119 milczenia, ods\u0142ania rodzinne sekrety i opowiada histori\u0119 syna, kt\u00f3rego dr\u0119czy brakuj\u0105cy element w genealogicznej uk\u0142adance. Zadaje sobie dramatyczne pytanie: dlaczego dziady i dybuki \u2013 duchy przodk\u00f3w polskich i \u017cydowskich \u2013 nie mog\u0105 sta\u0107 w jednym domu? I czy mo\u017cliwe jest ich pojednanie?\u201d Agata Bielik-Robson&nbsp;&nbsp;<\/p>\n<p>\u201eJedna z najbardziej poruszaj\u0105cych ksi\u0105\u017cek, jakie zdarzy\u0142o mi si\u0119 przeczyta\u0107. Przejmuj\u0105ca, a zarazem tragiczna historia \u017cydowskiej rodziny poszukuj\u0105cej drogi do polsko\u015bci. Historia ludzi, kt\u00f3rzy na tak\u0105 w\u0142a\u015bnie (nieodwzajemnion\u0105) mi\u0142o\u015b\u0107 zostali skazani i tak\u0105 zostali przebodzeni ojczyzn\u0105.\u201d Jan Grabowski&nbsp; &nbsp;&nbsp;<\/p>\n<p><strong>Jaros\u0142aw Kurski<\/strong> &#8211; Zast\u0119pca redaktora naczelnego \u201eGazety Wyborczej\u201d. Nale\u017ca\u0142 do opozycyjnego Ruchu M\u0142odej Polski. Aresztowany w stanie wojennym. Cz\u0142onek redakcji \u201eSolidarno\u015bci\u201d, podziemnego pisma regionu gda\u0144skiego. Pracowa\u0142 dla hiszpa\u0144skiej agencji prasowej EFE i w \u201eTygodniku Gda\u0144skim\u201d. By\u0142 rzecznikiem prasowym Lecha Wa\u0142\u0119sy. W sprzeciwie wobec \u201ewojny na g\u00f3rze\u201d zrezygnowa\u0142 z pracy. Opublikowa\u0142&nbsp;<em>Wodza<\/em>, polityczny portret przewodnicz\u0105cego \u201eSolidarno\u015bci\u201d na tle \u00f3wczesnych wydarze\u0144. Od stycznia 1991 r. publicysta \u201eWyborczej\u201d, a od 2006 r. jej wicenaczelny. Prowadzi\u0142 rozmowy polityczne w Polsacie, TVP i TOK FM. Autor esej\u00f3w o Raymondzie Aronie&nbsp;<em>Pok\u00f3j z widokiem na histori\u0119<\/em>&nbsp;oraz biografii&nbsp;<em>Jan Nowak-Jeziora\u0144ski<\/em>.&nbsp;<em>Kurier wolno\u015bci<\/em><em>&nbsp;<\/em>oraz ksi\u0105\u017cki&nbsp;<em>\u201eDziady i dybuki. Opowie\u015b\u0107 dygresyjna\u201d,<\/em>&nbsp;za kt\u00f3r\u0105 otrzyma\u0142 m.in.&nbsp;Nagrod\u0119 Specjaln\u0105 POLITYKI<em>.&nbsp;<\/em>Oficer Krzy\u017ca Orderu Odrodzenia Polski i Kawaler Orderu Francuskiej Legii Honorowej.<\/p>\n<hr>\n<p><span style=\"font-size: 10pt;\"><strong>Austriackie Forum Kultury<\/strong><strong>, ul. Pr\u00f3\u017cna 7\/9<\/strong><\/span><\/p>\n<p><span style=\"font-size: 10pt;\">Wst\u0119p wolny; miejsca nie s\u0105 numerowane<\/span><\/p>\n","protected":false},"excerpt":{"rendered":"<p>\u017bydowski Salon Literacki | Spotkanie autorskie z Jaros\u0142awem Kurskim wok\u00f3\u0142 ksi\u0105\u017cki \u201eDziady i dybuki\u201d Prowadzenie: Remigiusz Grzela \u201eDziady i dybuki\u201d [&hellip;]<\/p>\n","protected":false},"author":5,"featured_media":0,"comment_status":"open","ping_status":"open","sticky":false,"template":"","format":"standard","meta":{"_acf_changed":false,"ngg_post_thumbnail":0,"footnotes":""},"categories":[53],"tags":[73],"class_list":["post-17766","post","type-post","status-publish","format-standard","hentry","category-program","tag-salon-literacki"],"acf":[],"_links":{"self":[{"href":"https:\/\/shalom.org.pl\/en\/wp-json\/wp\/v2\/posts\/17766","targetHints":{"allow":["GET"]}}],"collection":[{"href":"https:\/\/shalom.org.pl\/en\/wp-json\/wp\/v2\/posts"}],"about":[{"href":"https:\/\/shalom.org.pl\/en\/wp-json\/wp\/v2\/types\/post"}],"author":[{"embeddable":true,"href":"https:\/\/shalom.org.pl\/en\/wp-json\/wp\/v2\/users\/5"}],"replies":[{"embeddable":true,"href":"https:\/\/shalom.org.pl\/en\/wp-json\/wp\/v2\/comments?post=17766"}],"version-history":[{"count":6,"href":"https:\/\/shalom.org.pl\/en\/wp-json\/wp\/v2\/posts\/17766\/revisions"}],"predecessor-version":[{"id":18085,"href":"https:\/\/shalom.org.pl\/en\/wp-json\/wp\/v2\/posts\/17766\/revisions\/18085"}],"wp:attachment":[{"href":"https:\/\/shalom.org.pl\/en\/wp-json\/wp\/v2\/media?parent=17766"}],"wp:term":[{"taxonomy":"category","embeddable":true,"href":"https:\/\/shalom.org.pl\/en\/wp-json\/wp\/v2\/categories?post=17766"},{"taxonomy":"post_tag","embeddable":true,"href":"https:\/\/shalom.org.pl\/en\/wp-json\/wp\/v2\/tags?post=17766"}],"curies":[{"name":"wp","href":"https:\/\/api.w.org\/{rel}","templated":true}]}}