{"id":17756,"date":"2023-06-19T12:31:58","date_gmt":"2023-06-19T10:31:58","guid":{"rendered":"http:\/\/shalom.org.pl\/?p=17756"},"modified":"2023-08-18T13:24:35","modified_gmt":"2023-08-18T11:24:35","slug":"birkat-habajt-blogoslawienstwo-dla-domu-warsztaty-plastyczne-polaczone-z-kaligrafia-prowadzenie-helena-czernek","status":"publish","type":"post","link":"https:\/\/shalom.org.pl\/en\/birkat-habajt-blogoslawienstwo-dla-domu-warsztaty-plastyczne-polaczone-z-kaligrafia-prowadzenie-helena-czernek\/","title":{"rendered":"\u201eBirkat HaBajt \u2013 b\u0142ogos\u0142awie\u0144stwo dla domu\u201d \u2013 warsztaty plastyczne po\u0142\u0105czone z kaligrafi\u0105, prowadzenie: Helena Czernek"},"content":{"rendered":"<h3><strong>\u201eBirkat HaBajt \u2013 b\u0142ogos\u0142awie\u0144stwo dla domu\u201d \u2013 warsztaty plastyczne po\u0142\u0105czone z kaligrafi\u0105, <\/strong>prowadzenie:<strong> Helena Czernek<\/strong><\/h3>\n<p>Warsztaty po\u015bwi\u0119cone b\u0119d\u0105 B\u0142ogos\u0142awie\u0144stwu Domu, czyli Birkat HaBajit, kt\u00f3re w formie dekoracyjnej umieszcza si\u0119 w \u017cydowskich domach. W trakcie warsztat\u00f3w zapoznamy si\u0119 z tre\u015bci\u0105 tego b\u0142ogos\u0142awie\u0144stwa i nauczymy si\u0119 kaligrafowa\u0107 jego nazw\u0119, a nast\u0119pnie ka\u017cdy z uczestnik\u00f3w wykona prac\u0119 plastyczn\u0105 bazuj\u0105c\u0105 na oryginalnym b\u0142ogos\u0142awie\u0144stwie lub stworzonym przez siebie osobi\u015bcie. Prace wykonywane b\u0119d\u0105 technik\u0105 kola\u017cu, w kt\u00f3rym komponowa\u0107 b\u0119dziemy kolory, kszta\u0142ty, faktury i hebrajskie litery.<\/p>\n<p><strong>Helena Czernek<\/strong> uko\u0144czy\u0142a Wydzia\u0142 Wzornictwa na ASP w Warszawie, studiowa\u0142a tak\u017ce hebraistyk\u0119 na UW i wzornictwo na Bezalelu w Jerozolimie. Projektantka i artystka skupiona g\u0142\u00f3wnie wok\u00f3\u0142 tematyki \u017cydowskiej. Wsp\u00f3\u0142za\u0142o\u017cycielka studia MI POLIN, autorka projektu papierowych \u017conkili na obchody rocznicy wybuchu Powstania w Getcie Warszawskim i wsp\u00f3\u0142autorka przej\u015b\u0107 dla pieszych w formie klawiatury fortepianu zrealizowanych na Rok Chopinowski 2010 na ul. Emilii Plater w Warszawie oraz w kilku europejskich miastach. Tworzy nowoczesne judaika, prowadzi dzia\u0142ania w przestrzeni, zajmuje si\u0119 tak\u017ce drzeworytem japo\u0144skim z elementami hebrajskiej kaligrafii, maluje. Jej prace pokazywane by\u0142y na wielu wystawach w kraju i za granic\u0105, a niekt\u00f3re z nich znajduj\u0105 si\u0119 w zbiorach m.in. Jewish Museum w Nowym Jorku, J\u00fcdisches Museum w Wiedniu, Pa\u0144stwowym Muzeum Etnograficznym w Warszawie, Congregation Beit Simchat Torah w Nowym Jorku.&nbsp;<\/p>\n<hr>\n<p><span style=\"font-size: 10pt; font-family: georgia, palatino, serif;\"><b>Centrum Kultury Jidysz, ul. Andersa 15<\/b><\/span><\/p>\n<p><span style=\"font-size: 10pt;\">Warsztat bezp\u0142atny, zapisy od 14 do 25 sierpnia na adres: ckj@jidysz.org.pl<\/span><\/p>\n","protected":false},"excerpt":{"rendered":"<p>\u201eBirkat HaBajt \u2013 b\u0142ogos\u0142awie\u0144stwo dla domu\u201d \u2013 warsztaty plastyczne po\u0142\u0105czone z kaligrafi\u0105, prowadzenie: Helena Czernek Warsztaty po\u015bwi\u0119cone b\u0119d\u0105 B\u0142ogos\u0142awie\u0144stwu Domu, [&hellip;]<\/p>\n","protected":false},"author":5,"featured_media":0,"comment_status":"open","ping_status":"open","sticky":false,"template":"","format":"standard","meta":{"_acf_changed":false,"ngg_post_thumbnail":0,"footnotes":""},"categories":[53],"tags":[89],"class_list":["post-17756","post","type-post","status-publish","format-standard","hentry","category-program","tag-warsztaty"],"acf":[],"_links":{"self":[{"href":"https:\/\/shalom.org.pl\/en\/wp-json\/wp\/v2\/posts\/17756","targetHints":{"allow":["GET"]}}],"collection":[{"href":"https:\/\/shalom.org.pl\/en\/wp-json\/wp\/v2\/posts"}],"about":[{"href":"https:\/\/shalom.org.pl\/en\/wp-json\/wp\/v2\/types\/post"}],"author":[{"embeddable":true,"href":"https:\/\/shalom.org.pl\/en\/wp-json\/wp\/v2\/users\/5"}],"replies":[{"embeddable":true,"href":"https:\/\/shalom.org.pl\/en\/wp-json\/wp\/v2\/comments?post=17756"}],"version-history":[{"count":4,"href":"https:\/\/shalom.org.pl\/en\/wp-json\/wp\/v2\/posts\/17756\/revisions"}],"predecessor-version":[{"id":18465,"href":"https:\/\/shalom.org.pl\/en\/wp-json\/wp\/v2\/posts\/17756\/revisions\/18465"}],"wp:attachment":[{"href":"https:\/\/shalom.org.pl\/en\/wp-json\/wp\/v2\/media?parent=17756"}],"wp:term":[{"taxonomy":"category","embeddable":true,"href":"https:\/\/shalom.org.pl\/en\/wp-json\/wp\/v2\/categories?post=17756"},{"taxonomy":"post_tag","embeddable":true,"href":"https:\/\/shalom.org.pl\/en\/wp-json\/wp\/v2\/tags?post=17756"}],"curies":[{"name":"wp","href":"https:\/\/api.w.org\/{rel}","templated":true}]}}