{"id":17745,"date":"2023-06-19T12:32:18","date_gmt":"2023-06-19T10:32:18","guid":{"rendered":"http:\/\/shalom.org.pl\/?p=17745"},"modified":"2023-08-27T15:39:16","modified_gmt":"2023-08-27T13:39:16","slug":"wernisaz-wystawy-trzy-miesiace-w-nowym-jorku-fotografie-larissy-baldovin","status":"publish","type":"post","link":"https:\/\/shalom.org.pl\/en\/wernisaz-wystawy-trzy-miesiace-w-nowym-jorku-fotografie-larissy-baldovin\/","title":{"rendered":"Wernisa\u017c wystawy | \u201eTrzy miesi\u0105ce w Nowym Jorku\u201d \u2013 fotografie i fotokola\u017ce Larissy Baldovin"},"content":{"rendered":"<h3><strong>Wernisa\u017c wystawy | \u201eTrzy miesi\u0105ce w Nowym Jorku\u201d \u2013 fotografie i fotokola\u017ce Larissy Baldovin<\/strong><\/h3>\n<p>Nowa wystawa nowojorskiej fotografki Larissy Baldovin dokumentuje trzy pandemiczne miesi\u0105ce \u201emiasta, kt\u00f3re nigdy nie \u015bpi\u201d, a kt\u00f3re nagle musia\u0142o si\u0119 zatrzyma\u0107.<br \/>\nKiedy wprowadzono lockdown Baldovin wyruszy\u0142a z aparatem do miejsc, po kt\u00f3rych wcze\u015bniej nie mog\u0142aby spacerowa\u0107 samotnie.&nbsp;<br \/>\nOpuszczone Wall Street, Park Avenue i Times Square\u2026<\/p>\n<p>Artystka przez wiele miesi\u0119cy opowiada\u0142a mi o przygotowaniach do tej wystawy, jej koncepcji, wyborze zdj\u0119\u0107. A\u017c kt\u00f3rego\u015b dnia przynios\u0142a \u201eAmeryk\u0119\u201d Franza Kafki, powie\u015b\u0107, kt\u00f3rej nie uko\u0144czy\u0142. Trafi\u0142o we mnie od razu, bo dwadzie\u015bcia lat temu napisa\u0142em ksi\u0105\u017ck\u0119 \u201eBaga\u017ce Franza K.\u201d, sporo w niej o rozbitkach i tu\u0142aczach. Zacz\u0119li\u015bmy patrze\u0107 na kola\u017ce Larissy przez pryzmat tej kafkowskiej Ameryki, cho\u0107&nbsp; pisarz przecie\u017c nigdy w niej nie by\u0142. Jego powie\u015b\u0107 pocz\u0105tkowo mia\u0142a tytu\u0142 \u201eZaginiony\u201d. Max Brod zmieni\u0142 go na \u201eAmeryk\u0119\u201d i co ciekawe ukaza\u0142a si\u0119 w Stanach pod tytu\u0142em \u201eAmerika\u201d, twardo\u015bci\u0105 brzmienia okre\u015blaj\u0105c wyimaginowany l\u0105d, na kt\u00f3ry pisarz zsy\u0142a swojego do\u015b\u0107 naiwnego bohatera Karla. Wydaje si\u0119 by\u0107 on czysty i niewinny, w przeciwie\u0144stwie do ludzi, jakich spotyka. Dzielnie znosi upokorzenia. W\u0105tek niewinnego rozwinie Kafka w \u201eProcesie\u201d, tak jakby \u201eZaginiony\u201d by\u0142 pr\u00f3b\u0105 opisania bohatera w obliczu wynaturzenia, jakiego doznaje. Przecie\u017c to temat tych prac.<\/p>\n<p>Kola\u017ce fotograficzne Larissy Baldovin to te\u017c opowie\u015b\u0107, kt\u00f3r\u0105&nbsp;mo\u017cna by zatytu\u0142owa\u0107 \u201eAmerika\u201d. Bo fotografowa\u0142a Nowy Jork, jaki ani wcze\u015bniej ani p\u00f3\u017aniej nie istnia\u0142. Wykrzywiony, abstrakcyjny, kafkowski. Nagle zdania powie\u015bci zacz\u0119\u0142y dopowiada\u0107 \u015bwiat, jaki zobaczy\u0142a, w jakim si\u0119 znalaz\u0142a. Ale daje mu swoj\u0105 wra\u017cliwo\u015b\u0107, estetyk\u0119 i kolor.&nbsp;&nbsp;&nbsp;<\/p>\n<p>Miasto uwalnia si\u0119 od mieszka\u0144c\u00f3w, odzyskuje przestrze\u0144, jakby na przek\u00f3r rzeczywisto\u015bci zaczyna kwitn\u0105\u0107, wybucha feeri\u0105 barw, daje obietnic\u0119 wyspy, chocia\u017c<br \/>\nwok\u00f3\u0142 strach, niepewno\u015b\u0107, samotno\u015b\u0107.<br \/>\nTen historyczny rozdzia\u0142 w dziejach miasta, z kt\u00f3rym Baldovin zwi\u0105zana jest od kilkudziesi\u0119ciu lat, utrwala od samego pocz\u0105tku.<br \/>\nA\u017c przychodzi zm\u0119czenie izolacj\u0105. Nowojorczycy maj\u0105 dosy\u0107.<br \/>\nWszystko wraca na swoje miejsce. Tyle \u017ce wszystko jest ju\u017c zupe\u0142nie inne.<br \/>\nCzuje si\u0119 to w fotografiach Larissy Baldovin. Na jej dojmuj\u0105c\u0105 i wa\u017cn\u0105 wystaw\u0119 sk\u0142adaj\u0105 si\u0119 fotografie i ich kola\u017ce. Artystka pokazuje szerokie t\u0142o ale zatrzymuje si\u0119 nad detalem, wybijaj\u0105c niedostrzegalne wcze\u015bniej znaczenie, nadaj\u0105c wa\u017cno\u015bci szczeg\u00f3\u0142owi.<\/p>\n<p>[Remigiusz Grzela]<br \/>\n&nbsp; &nbsp; &nbsp; &nbsp; &nbsp; &nbsp; &nbsp; &nbsp; &nbsp; &nbsp; &nbsp; &nbsp; &nbsp;<\/p>\n\n\t\t<style type=\"text\/css\">\n\t\t\t#gallery-1 {\n\t\t\t\tmargin: auto;\n\t\t\t}\n\t\t\t#gallery-1 .gallery-item {\n\t\t\t\tfloat: left;\n\t\t\t\tmargin-top: 10px;\n\t\t\t\ttext-align: center;\n\t\t\t\twidth: 33%;\n\t\t\t}\n\t\t\t#gallery-1 img {\n\t\t\t\tborder: 2px solid #cfcfcf;\n\t\t\t}\n\t\t\t#gallery-1 .gallery-caption {\n\t\t\t\tmargin-left: 0;\n\t\t\t}\n\t\t\t\/* see gallery_shortcode() in wp-includes\/media.php *\/\n\t\t<\/style>\n\t\t<div id='gallery-1' class='gallery galleryid-17745 gallery-columns-3 gallery-size-thumbnail'><dl class='gallery-item'>\n\t\t\t<dt class='gallery-icon landscape'>\n\t\t\t\t<a href='https:\/\/shalom.org.pl\/en\/wernisaz-wystawy-trzy-miesiace-w-nowym-jorku-fotografie-larissy-baldovin\/fifth-ave-w\/'><img fetchpriority=\"high\" decoding=\"async\" width=\"300\" height=\"300\" src=\"https:\/\/shalom.org.pl\/wp-content\/uploads\/2023\/06\/Fifth-Ave-W-300x300.jpg\" class=\"attachment-thumbnail size-thumbnail\" alt=\"\" \/><\/a>\n\t\t\t<\/dt><\/dl><dl class='gallery-item'>\n\t\t\t<dt class='gallery-icon landscape'>\n\t\t\t\t<a href='https:\/\/shalom.org.pl\/en\/wernisaz-wystawy-trzy-miesiace-w-nowym-jorku-fotografie-larissy-baldovin\/wtc-subway-station-w\/'><img decoding=\"async\" width=\"300\" height=\"300\" src=\"https:\/\/shalom.org.pl\/wp-content\/uploads\/2023\/06\/WTC-Subway-Station-W-300x300.jpg\" class=\"attachment-thumbnail size-thumbnail\" alt=\"\" \/><\/a>\n\t\t\t<\/dt><\/dl><dl class='gallery-item'>\n\t\t\t<dt class='gallery-icon landscape'>\n\t\t\t\t<a href='https:\/\/shalom.org.pl\/en\/wernisaz-wystawy-trzy-miesiace-w-nowym-jorku-fotografie-larissy-baldovin\/radio-city-music-hall-w\/'><img decoding=\"async\" width=\"300\" height=\"300\" src=\"https:\/\/shalom.org.pl\/wp-content\/uploads\/2023\/06\/Radio-City-Music-Hall-W-300x300.jpg\" class=\"attachment-thumbnail size-thumbnail\" alt=\"\" \/><\/a>\n\t\t\t<\/dt><\/dl><br style=\"clear: both\" \/>\n\t\t<\/div>\n\n\n\t\t<style type=\"text\/css\">\n\t\t\t#gallery-2 {\n\t\t\t\tmargin: auto;\n\t\t\t}\n\t\t\t#gallery-2 .gallery-item {\n\t\t\t\tfloat: left;\n\t\t\t\tmargin-top: 10px;\n\t\t\t\ttext-align: center;\n\t\t\t\twidth: 33%;\n\t\t\t}\n\t\t\t#gallery-2 img {\n\t\t\t\tborder: 2px solid #cfcfcf;\n\t\t\t}\n\t\t\t#gallery-2 .gallery-caption {\n\t\t\t\tmargin-left: 0;\n\t\t\t}\n\t\t\t\/* see gallery_shortcode() in wp-includes\/media.php *\/\n\t\t<\/style>\n\t\t<div id='gallery-2' class='gallery galleryid-17745 gallery-columns-3 gallery-size-thumbnail'><dl class='gallery-item'>\n\t\t\t<dt class='gallery-icon portrait'>\n\t\t\t\t<a href='https:\/\/shalom.org.pl\/en\/wernisaz-wystawy-trzy-miesiace-w-nowym-jorku-fotografie-larissy-baldovin\/hope-w\/'><img loading=\"lazy\" decoding=\"async\" width=\"300\" height=\"300\" src=\"https:\/\/shalom.org.pl\/wp-content\/uploads\/2023\/06\/HOPE-W-300x300.jpg\" class=\"attachment-thumbnail size-thumbnail\" alt=\"\" \/><\/a>\n\t\t\t<\/dt><\/dl><dl class='gallery-item'>\n\t\t\t<dt class='gallery-icon landscape'>\n\t\t\t\t<a href='https:\/\/shalom.org.pl\/en\/wernisaz-wystawy-trzy-miesiace-w-nowym-jorku-fotografie-larissy-baldovin\/madison-square-garden-w\/'><img loading=\"lazy\" decoding=\"async\" width=\"300\" height=\"300\" src=\"https:\/\/shalom.org.pl\/wp-content\/uploads\/2023\/06\/Madison-Square-Garden-W-300x300.jpg\" class=\"attachment-thumbnail size-thumbnail\" alt=\"\" \/><\/a>\n\t\t\t<\/dt><\/dl><dl class='gallery-item'>\n\t\t\t<dt class='gallery-icon landscape'>\n\t\t\t\t<a href='https:\/\/shalom.org.pl\/en\/wernisaz-wystawy-trzy-miesiace-w-nowym-jorku-fotografie-larissy-baldovin\/heroes-dont-wear-capes-w\/'><img loading=\"lazy\" decoding=\"async\" width=\"300\" height=\"300\" src=\"https:\/\/shalom.org.pl\/wp-content\/uploads\/2023\/06\/Heroes-dont-wear-capes-W-300x300.jpg\" class=\"attachment-thumbnail size-thumbnail\" alt=\"\" \/><\/a>\n\t\t\t<\/dt><\/dl><br style=\"clear: both\" \/><dl class='gallery-item'>\n\t\t\t<dt class='gallery-icon landscape'>\n\t\t\t\t<a href='https:\/\/shalom.org.pl\/en\/wernisaz-wystawy-trzy-miesiace-w-nowym-jorku-fotografie-larissy-baldovin\/trump-tower-w\/'><img loading=\"lazy\" decoding=\"async\" width=\"300\" height=\"300\" src=\"https:\/\/shalom.org.pl\/wp-content\/uploads\/2023\/06\/Trump-Tower-W-300x300.jpg\" class=\"attachment-thumbnail size-thumbnail\" alt=\"\" \/><\/a>\n\t\t\t<\/dt><\/dl><dl class='gallery-item'>\n\t\t\t<dt class='gallery-icon portrait'>\n\t\t\t\t<a href='https:\/\/shalom.org.pl\/en\/wernisaz-wystawy-trzy-miesiace-w-nowym-jorku-fotografie-larissy-baldovin\/fear-w\/'><img loading=\"lazy\" decoding=\"async\" width=\"300\" height=\"300\" src=\"https:\/\/shalom.org.pl\/wp-content\/uploads\/2023\/06\/Fear-W-300x300.jpg\" class=\"attachment-thumbnail size-thumbnail\" alt=\"\" \/><\/a>\n\t\t\t<\/dt><\/dl><dl class='gallery-item'>\n\t\t\t<dt class='gallery-icon landscape'>\n\t\t\t\t<a href='https:\/\/shalom.org.pl\/en\/wernisaz-wystawy-trzy-miesiace-w-nowym-jorku-fotografie-larissy-baldovin\/att-w\/'><img loading=\"lazy\" decoding=\"async\" width=\"300\" height=\"300\" src=\"https:\/\/shalom.org.pl\/wp-content\/uploads\/2023\/06\/ATT-W-300x300.jpg\" class=\"attachment-thumbnail size-thumbnail\" alt=\"\" \/><\/a>\n\t\t\t<\/dt><\/dl><br style=\"clear: both\" \/>\n\t\t<\/div>\n\n<p><strong>Larissa Baldovin<\/strong> urodzi\u0142a si\u0119 w 1954 r. w Ostrogu na Ukrainie. Jej ojciec w czasie II wojny \u015bwiatowej straci\u0142 ca\u0142\u0105 rodzin\u0119. Matka pochodzi\u0142a z Odessy i prze\u017cy\u0142a wojn\u0119 w Taszkiencie. W 1959 r. rodzice wraz z Lariss\u0105, jej dwunastoletnim bratem oraz matk\u0105 mamy przenie\u015bli si\u0119 jako repatrianci do Gliwic. Na fali marca 1968 roku, wyrzucono jej brata z Politechniki \u015al\u0105skiej. Po bezpo\u015brednim do\u015bwiadczeniu antysemityzmu podczas napadu chuliga\u0144skiego rodzice podj\u0119li decyzj\u0119 o wyje\u017adzie z Polski. Opu\u015bcili kraj w grudniu 1968 r., aby przez Wiede\u0144 i Rzym uda\u0107 si\u0119 do Nowego Jorku. Larissa Baldovin przez wiele lat pracowa\u0142a w bran\u017cy medycznej, jednak jej pasj\u0105 by\u0142a fotografia. Obecnie mieszka w Nowym Jorku i w Warszawie, zajmuj\u0105c si\u0119 dzia\u0142alno\u015bci\u0105 artystyczn\u0105 i organizuj\u0105c wystawy fotograficzne w Polsce i Stanach Zjednoczonych. Jest pomys\u0142odawczyni\u0105 i wsp\u00f3\u0142autork\u0105 (z Ani\u0105 Koszykowski) ksi\u0105\u017cki i projektu \u201ePrzystanek Gliwice\/Pitstop Gliwice\u201d. Dokumentuje w nim nieudan\u0105 pr\u00f3b\u0119 zakorzenienia si\u0119 w miejscu, kt\u00f3re Historia przeznaczy\u0142a do\u015bwiadczonemu Zag\u0142ad\u0105 pokoleniu jej rodzic\u00f3w i jej tylko na chwil\u0119.<\/p>\n<hr>\n<p><span style=\"font-size: 10pt;\"><strong>Hotel The Westin Warsaw, al. <\/strong><strong>Jana Paw\u0142a II 21<\/strong><\/span><\/p>\n<p><span style=\"font-size: 10pt;\">Wst\u0119p wolny, wystawa otwarta do 31 pa\u017adziernika 2023 (ca\u0142\u0105 dob\u0119)<\/span><\/p>\n<hr>\n<p><span style=\"font-size: 10pt;\"><em>Wydarzenie <\/em><em>zorganizowana we wsp\u00f3\u0142pracy z The Westin Warsaw<\/em><\/span><\/p>\n","protected":false},"excerpt":{"rendered":"<p>Wernisa\u017c wystawy | \u201eTrzy miesi\u0105ce w Nowym Jorku\u201d \u2013 fotografie i fotokola\u017ce Larissy Baldovin Nowa wystawa nowojorskiej fotografki Larissy Baldovin [&hellip;]<\/p>\n","protected":false},"author":5,"featured_media":0,"comment_status":"open","ping_status":"open","sticky":false,"template":"","format":"standard","meta":{"_acf_changed":false,"ngg_post_thumbnail":0,"footnotes":""},"categories":[53],"tags":[85],"class_list":["post-17745","post","type-post","status-publish","format-standard","hentry","category-program","tag-wystawa"],"acf":[],"_links":{"self":[{"href":"https:\/\/shalom.org.pl\/en\/wp-json\/wp\/v2\/posts\/17745","targetHints":{"allow":["GET"]}}],"collection":[{"href":"https:\/\/shalom.org.pl\/en\/wp-json\/wp\/v2\/posts"}],"about":[{"href":"https:\/\/shalom.org.pl\/en\/wp-json\/wp\/v2\/types\/post"}],"author":[{"embeddable":true,"href":"https:\/\/shalom.org.pl\/en\/wp-json\/wp\/v2\/users\/5"}],"replies":[{"embeddable":true,"href":"https:\/\/shalom.org.pl\/en\/wp-json\/wp\/v2\/comments?post=17745"}],"version-history":[{"count":4,"href":"https:\/\/shalom.org.pl\/en\/wp-json\/wp\/v2\/posts\/17745\/revisions"}],"predecessor-version":[{"id":18570,"href":"https:\/\/shalom.org.pl\/en\/wp-json\/wp\/v2\/posts\/17745\/revisions\/18570"}],"wp:attachment":[{"href":"https:\/\/shalom.org.pl\/en\/wp-json\/wp\/v2\/media?parent=17745"}],"wp:term":[{"taxonomy":"category","embeddable":true,"href":"https:\/\/shalom.org.pl\/en\/wp-json\/wp\/v2\/categories?post=17745"},{"taxonomy":"post_tag","embeddable":true,"href":"https:\/\/shalom.org.pl\/en\/wp-json\/wp\/v2\/tags?post=17745"}],"curies":[{"name":"wp","href":"https:\/\/api.w.org\/{rel}","templated":true}]}}