{"id":17740,"date":"2023-06-19T12:32:34","date_gmt":"2023-06-19T10:32:34","guid":{"rendered":"http:\/\/shalom.org.pl\/?p=17740"},"modified":"2023-06-19T12:32:34","modified_gmt":"2023-06-19T10:32:34","slug":"literacki-klan-singerow-spacer-miejski-z-katarzyna-jakubowicz","status":"publish","type":"post","link":"https:\/\/shalom.org.pl\/en\/literacki-klan-singerow-spacer-miejski-z-katarzyna-jakubowicz\/","title":{"rendered":"\u201eLiteracki klan Singer\u00f3w\u201d \u2013 spacer miejski z Katarzyn\u0105 Jakubowicz"},"content":{"rendered":"<h3><strong>\u201eLiteracki klan Singer\u00f3w\u201d \u2013 spacer miejski z Katarzyn\u0105 Jakubowicz<\/strong><\/h3>\n<p>Miejsce zbi\u00f3rki: hol g\u0142\u00f3wny Muzeum<\/p>\n<p>Czas trwania: 2,5 godz.<\/p>\n<hr>\n<p><span style=\"font-size: 10pt;\"><strong>Muzeum Historii \u017byd\u00f3w Polskich POLIN, ul. Mordechaja Anielewicza 6<\/strong><\/span><\/p>\n<p><span style=\"font-size: 10pt;\">Wst\u0119p p\u0142atny \u2013 bilety (normalny: 20 PLN, ulgowy: 15 PLN) do kupienia na stronie https:\/\/bilety.polin.pl\/<\/span><\/p>\n<hr>\n<p><span style=\"font-size: 10pt;\"><em>Wydarzenie towarzysz\u0105ce zorganizowane przez Muzeum Historii \u017byd\u00f3w Polskich POLIN<\/em><\/span><\/p>\n<p>&nbsp;<\/p>\n","protected":false},"excerpt":{"rendered":"<p>\u201eLiteracki klan Singer\u00f3w\u201d \u2013 spacer miejski z Katarzyn\u0105 Jakubowicz Miejsce zbi\u00f3rki: hol g\u0142\u00f3wny Muzeum Czas trwania: 2,5 godz. Muzeum Historii [&hellip;]<\/p>\n","protected":false},"author":5,"featured_media":0,"comment_status":"open","ping_status":"open","sticky":false,"template":"","format":"standard","meta":{"_acf_changed":false,"ngg_post_thumbnail":0,"footnotes":""},"categories":[53],"tags":[77],"class_list":["post-17740","post","type-post","status-publish","format-standard","hentry","category-program","tag-spacer"],"acf":[],"_links":{"self":[{"href":"https:\/\/shalom.org.pl\/en\/wp-json\/wp\/v2\/posts\/17740","targetHints":{"allow":["GET"]}}],"collection":[{"href":"https:\/\/shalom.org.pl\/en\/wp-json\/wp\/v2\/posts"}],"about":[{"href":"https:\/\/shalom.org.pl\/en\/wp-json\/wp\/v2\/types\/post"}],"author":[{"embeddable":true,"href":"https:\/\/shalom.org.pl\/en\/wp-json\/wp\/v2\/users\/5"}],"replies":[{"embeddable":true,"href":"https:\/\/shalom.org.pl\/en\/wp-json\/wp\/v2\/comments?post=17740"}],"version-history":[{"count":1,"href":"https:\/\/shalom.org.pl\/en\/wp-json\/wp\/v2\/posts\/17740\/revisions"}],"predecessor-version":[{"id":17741,"href":"https:\/\/shalom.org.pl\/en\/wp-json\/wp\/v2\/posts\/17740\/revisions\/17741"}],"wp:attachment":[{"href":"https:\/\/shalom.org.pl\/en\/wp-json\/wp\/v2\/media?parent=17740"}],"wp:term":[{"taxonomy":"category","embeddable":true,"href":"https:\/\/shalom.org.pl\/en\/wp-json\/wp\/v2\/categories?post=17740"},{"taxonomy":"post_tag","embeddable":true,"href":"https:\/\/shalom.org.pl\/en\/wp-json\/wp\/v2\/tags?post=17740"}],"curies":[{"name":"wp","href":"https:\/\/api.w.org\/{rel}","templated":true}]}}