{"id":17645,"date":"2023-06-19T12:35:08","date_gmt":"2023-06-19T10:35:08","guid":{"rendered":"http:\/\/shalom.org.pl\/?p=17645"},"modified":"2024-07-31T22:45:27","modified_gmt":"2024-07-31T20:45:27","slug":"koncert-klasyczny-na-altowke-i-fortepian-krzysztof-komendarek-tymendorf-pl-anna-prabucka-firlej-pl","status":"publish","type":"post","link":"https:\/\/shalom.org.pl\/en\/koncert-klasyczny-na-altowke-i-fortepian-krzysztof-komendarek-tymendorf-pl-anna-prabucka-firlej-pl\/","title":{"rendered":"Koncert klasyczny: Kwartet smyczkowy a-moll op. 13 (1827) Feliksa Mendelssohna-Bartholdy\u2019ego | Kwartet smyczkowy nr. 16 F-dur op. 135 (1826) Ludwiga van Beethovena | ROYAL STRING QUARTET |PL|:"},"content":{"rendered":"<p><strong>Koncert klasyczny&nbsp; ROYAL STRING QUARTET, <\/strong>&nbsp;<strong>Kwartet smyczkowy a-moll op. 13 (1827) Feliksa Mendelssohna-Bartholdy\u2019ego oraz Kwartet smyczkowy nr. 16 F-dur op. 135 (1826) Ludwiga van Beethovena<\/strong><\/p>\n<p>Wyst\u0105pi\u0105: <strong>Izabella Sza\u0142aj-Zimak <\/strong>(I skrzypce),<strong> Elwira Przyby\u0142owska <\/strong>(II skrzypce),<strong> Pawe\u0142 Czarny <\/strong>(alt\u00f3wka),<strong> Micha\u0142 Pepol <\/strong>(wiolonczela)<\/p>\n\n\t\t<style type=\"text\/css\">\n\t\t\t#gallery-1 {\n\t\t\t\tmargin: auto;\n\t\t\t}\n\t\t\t#gallery-1 .gallery-item {\n\t\t\t\tfloat: left;\n\t\t\t\tmargin-top: 10px;\n\t\t\t\ttext-align: center;\n\t\t\t\twidth: 20%;\n\t\t\t}\n\t\t\t#gallery-1 img {\n\t\t\t\tborder: 2px solid #cfcfcf;\n\t\t\t}\n\t\t\t#gallery-1 .gallery-caption {\n\t\t\t\tmargin-left: 0;\n\t\t\t}\n\t\t\t\/* see gallery_shortcode() in wp-includes\/media.php *\/\n\t\t<\/style>\n\t\t<div id='gallery-1' class='gallery galleryid-17645 gallery-columns-5 gallery-size-thumbnail'><dl class='gallery-item'>\n\t\t\t<dt class='gallery-icon landscape'>\n\t\t\t\t<a href='https:\/\/shalom.org.pl\/en\/koncert-klasyczny-na-altowke-i-fortepian-krzysztof-komendarek-tymendorf-pl-anna-prabucka-firlej-pl\/royal-string\/'><img fetchpriority=\"high\" decoding=\"async\" width=\"300\" height=\"300\" src=\"https:\/\/shalom.org.pl\/wp-content\/uploads\/2023\/06\/Royal-STRing-300x300.jpg\" class=\"attachment-thumbnail size-thumbnail\" alt=\"\" aria-describedby=\"gallery-1-19896\" \/><\/a>\n\t\t\t<\/dt>\n\t\t\t\t<dd class='wp-caption-text gallery-caption' id='gallery-1-19896'>\n\t\t\t\tfot. Agata Grzybowska\n\t\t\t\t<\/dd><\/dl><dl class='gallery-item'>\n\t\t\t<dt class='gallery-icon landscape'>\n\t\t\t\t<a href='https:\/\/shalom.org.pl\/en\/koncert-klasyczny-na-altowke-i-fortepian-krzysztof-komendarek-tymendorf-pl-anna-prabucka-firlej-pl\/page-6\/'><img decoding=\"async\" width=\"300\" height=\"300\" src=\"https:\/\/shalom.org.pl\/wp-content\/uploads\/2023\/06\/page-6-300x300.jpg\" class=\"attachment-thumbnail size-thumbnail\" alt=\"\" \/><\/a>\n\t\t\t<\/dt><\/dl><dl class='gallery-item'>\n\t\t\t<dt class='gallery-icon portrait'>\n\t\t\t\t<a href='https:\/\/shalom.org.pl\/en\/koncert-klasyczny-na-altowke-i-fortepian-krzysztof-komendarek-tymendorf-pl-anna-prabucka-firlej-pl\/page-3\/'><img decoding=\"async\" width=\"300\" height=\"300\" src=\"https:\/\/shalom.org.pl\/wp-content\/uploads\/2023\/06\/page-3-300x300.jpg\" class=\"attachment-thumbnail size-thumbnail\" alt=\"\" \/><\/a>\n\t\t\t<\/dt><\/dl><dl class='gallery-item'>\n\t\t\t<dt class='gallery-icon landscape'>\n\t\t\t\t<a href='https:\/\/shalom.org.pl\/en\/koncert-klasyczny-na-altowke-i-fortepian-krzysztof-komendarek-tymendorf-pl-anna-prabucka-firlej-pl\/page-2\/'><img loading=\"lazy\" decoding=\"async\" width=\"300\" height=\"300\" src=\"https:\/\/shalom.org.pl\/wp-content\/uploads\/2023\/06\/page-2-300x300.jpg\" class=\"attachment-thumbnail size-thumbnail\" alt=\"\" \/><\/a>\n\t\t\t<\/dt><\/dl>\n\t\t\t<br style='clear: both' \/>\n\t\t<\/div>\n\n<p>&nbsp;<\/p>\n<p><strong>Royal String Quartet<\/strong> to jeden z czo\u0142owych europejskich kwartet\u00f3w. 25 lata grania, koncerty na wszystkich kontynentach, 18 p\u0142yt docenionych przez mi\u0119dzynarodow\u0105 krytyk\u0119 i wiele nagr\u00f3d. Do tego od 19 lat organizator Kwartesencji, czyli w\u0142asnego festiwalu, podczas kt\u00f3rego muzycy przypominaj\u0105 wielk\u0105 klasyk\u0119 kameralistyki, prawykonuj\u0105 kompozycje specjalnie dla nich napisane, ale przede wszystkim pokazuj\u0105, \u017ce muzyka to nie przebrana we frak sztampa, lecz zaskakuj\u0105ca, cz\u0119sto niepokoj\u0105ca sztuka d\u017awi\u0119k\u00f3w, kt\u00f3ra znakomicie opisuje wsp\u00f3\u0142czesny \u015bwiat. W swych ambitnych artystycznie przedsi\u0119wzi\u0119ciach nie uznaj\u0105 granic gatunk\u00f3w i poszukuj\u0105 nowych form wypowiedzi. Tak w\u0142a\u015bnie narodzi\u0142y si\u0119 albumy \u201eKayah &amp; Royal Quartet\u201d oraz obsypana nagrodami \u201eNowa Warszawa\u201d ze Stanis\u0142aw\u0105 Celi\u0144sk\u0105 i Bartkiem W\u0105sikiem. Za\u0142o\u017cony w 1998 r. zesp\u00f3\u0142 kszta\u0142ci\u0142 si\u0119 pod okiem Alban Berg Quartett, Amadeus czy Camerata Quartet. W latach 2004\u20132006 obj\u0119ty by\u0142 elitarnym programem BBC New Generation Artist. Pi\u0119ciokrotnie wyst\u0105pi\u0142 na BBC Proms i a\u017c pi\u0119tnastokrotnie gra\u0142 w s\u0142ynnej londy\u0144skiej Wigmore Hall.<\/p>\n<p>RSQ zarejestrowa\u0142 na czterech p\u0142ytach kwartety Karola Szymanowskiego i Ludomira R\u00f3\u017cyckiego, komplet dzie\u0142 kwartetowych Henryka Miko\u0142aja G\u00f3reckiego, Krzysztofa Pendereckiego i Witolda Lutos\u0142awskiego oraz utwory Paw\u0142a Szyma\u0144skiego. W 2024 roku ukaza\u0142a si\u0119 najnowsza p\u0142yta zespo\u0142u z kompozycjami Aleksandra Nowaka, Paw\u0142a Mykietyna i S\u0142awomira Wojciechowskiego. Na Festiwalu Warszaw Singera kwartet zagra m.in. Kwartet smyczkowy a-moll op. 13 (1827), kt\u00f3ry skomponowa\u0142 Feliks Mendelssohn-Bartholdy.&nbsp;<\/p>\n<p><strong>Feliks Mendelssohn-Bartholdy<\/strong> pochodzi\u0142 z zamo\u017cnej \u017cydowskiej rodziny. Jego dziadkiem by\u0142 s\u0142ynny filozof Moses Mendelssohn, kt\u00f3rego uznaje si\u0119 za prekursora i jednego z<br \/>\nnajwa\u017cniejszych przedstawicieli ruchu o\u015bwiecenia \u017cydowskiego. Przez niekt\u00f3rych upatrywany wr\u0119cz jako Trzeci Mo\u017cesz w historii (po Moj\u017ceszu biblijnym i Moj\u017ceszu Majmonidesie), od kt\u00f3rego mia\u0142a si\u0119 otworzy\u0107 nowa epoka w historii \u017byd\u00f3w.<br \/>\nTalent Feliksa ujawni\u0142 si\u0119 nadzwyczaj wcze\u015bnie; a tw\u00f3rczo\u015b\u0107 by\u0142a doceniana ju\u017c za \u017cycia kompozytora, co w \u00f3wczesnych czasach przywilej ten nie by\u0142 jeszcze tak oczywisty. Wychowany w atmosferze wysokich aspiracji kulturalnych i kontakt\u00f3w towarzyskich z elit\u0105 niemieckiego \u017cycia intelektualnego, w wieku siedemnastu lat by\u0142 ju\u017c autorem ponad 100 drobnych lub powa\u017cniejszych utwor\u00f3w, w tym m.in. Oktetu smyczkowego, uwertury do Snu<br \/>\nnocy letniej, czy Pierwszej Symfonii.<\/p>\n<p><strong>Kwartet smyczkowy a-moll op. 13 (1827)<\/strong> to owoc wyobra\u017ani osiemnastoletniego Feliksa, kt\u00f3ry dojrza\u0142 po dok\u0142adnym przestudiowaniu tw\u00f3rczo\u015bci zmar\u0142ego kilka miesi\u0119cy wcze\u015bniej mistrza \u2013 Ludwika van Beethovena. Jest to bowiem misterium oparte na klasycznym czterocz\u0119\u015bciowym trzonie formalnym, posiadaj\u0105ce rozbudowan\u0105 imitacj\u0119 kontrapunktow\u0105, w tym liczne wej\u015bcia fugowe i masywn\u0105 fug\u0119 chromatyczn\u0105 w cz\u0119\u015bci drugiej oraz ogromn\u0105<br \/>\ndoz\u0119 liryzmu, melancholii, nonszalancji, \u015bpiewno\u015bci. Zdaje si\u0119, \u017ce nieprzypadkowe s\u0105 r\u00f3wnie\u017c inne bezpo\u015brednie nawi\u0105zania do autorytetu Ludwika; wyb\u00f3r tonacji pokrywa si\u0119 z tonacj\u0105 u\u017cyt\u0105 w jednym z ostatnich Kwartet\u00f3w op. 132<br \/>\n(a-moll). Z kolei w Ostatnim Kwartecie op. 135 Ostatni z Klasyk\u00f3w kre\u015bli niemal eschatologiczny motyw: \u201eMuss es sein..?\u201d (\u201eCzy tak musi by\u0107..?\u201d). Pierwsze d\u017awi\u0119ki<br \/>\nPierwszego Kwartetu Feliksa niejako kontynuuj\u0105 muzyczn\u0105 retoryk\u0119 za pomoc\u0105 autocytatu z uprzednio skomponowanej Pie\u015bni \u201eFrage\u201d: \u201eIst es wahr..?\u201d (\u201eCzy to prawda?\u201d). Pytanie to pada kilkukrotnie, r\u00f3wnie\u017c \u2013 wymownie \u2013 w finale tego \u017carliwego kwartetu. Napisawszy t\u0119 instrumentaln\u0105 \u201epie\u015b\u0144 bez s\u0142\u00f3w\u201d, Mendelssohn sta\u0142 si\u0119, podobnie jak (niedoceniony za \u017cycia) Schubert, pionierem romantyzmu.<\/p>\n<p>&nbsp;<\/p>\n<hr>\n<p><span style=\"font-size: 12pt;\"><strong>KO\u015aCI\u00d3\u0141 FRANCISZKAN\u00d3W PW. \u015aW. ANTONIEGO Z PADWY , ul. Senatorska 31<\/strong><\/span><\/p>\n<p><span style=\"font-size: 12pt;\">Bilety: 70\/60 PLN (ulgowy) \u2013 do nabycia na: www.kicket.com\/warszawa, www.teatr-zydowski.art.pl, w Biurze Organizacji Widowni tel. 48 602 534 270; 22 850 64 50 lub 51 oraz w kasach Teatru \u017bydowskiego: przy ul. Senatorskiej 35, tel. 22 850 64 35 lub w Klubie Dow\u00f3dztwa Garnizonu Warszawa, al. Niepodleg\u0142o\u015bci 141a, tel. 22&nbsp;850 56 56;<\/span><\/p>\n<p><span style=\"font-size: 12pt;\"> miejsca nie s\u0105 numerowane,&nbsp;<\/span><\/p>\n<p>&nbsp;<\/p>\n","protected":false},"excerpt":{"rendered":"<p>Koncert klasyczny&nbsp; ROYAL STRING QUARTET, &nbsp;Kwartet smyczkowy a-moll op. 13 (1827) Feliksa Mendelssohna-Bartholdy\u2019ego oraz Kwartet smyczkowy nr. 16 F-dur op. [&hellip;]<\/p>\n","protected":false},"author":5,"featured_media":0,"comment_status":"open","ping_status":"open","sticky":false,"template":"","format":"standard","meta":{"_acf_changed":false,"ngg_post_thumbnail":0,"footnotes":""},"categories":[53],"tags":[71],"class_list":["post-17645","post","type-post","status-publish","format-standard","hentry","category-program","tag-koncert"],"acf":[],"_links":{"self":[{"href":"https:\/\/shalom.org.pl\/en\/wp-json\/wp\/v2\/posts\/17645","targetHints":{"allow":["GET"]}}],"collection":[{"href":"https:\/\/shalom.org.pl\/en\/wp-json\/wp\/v2\/posts"}],"about":[{"href":"https:\/\/shalom.org.pl\/en\/wp-json\/wp\/v2\/types\/post"}],"author":[{"embeddable":true,"href":"https:\/\/shalom.org.pl\/en\/wp-json\/wp\/v2\/users\/5"}],"replies":[{"embeddable":true,"href":"https:\/\/shalom.org.pl\/en\/wp-json\/wp\/v2\/comments?post=17645"}],"version-history":[{"count":11,"href":"https:\/\/shalom.org.pl\/en\/wp-json\/wp\/v2\/posts\/17645\/revisions"}],"predecessor-version":[{"id":20715,"href":"https:\/\/shalom.org.pl\/en\/wp-json\/wp\/v2\/posts\/17645\/revisions\/20715"}],"wp:attachment":[{"href":"https:\/\/shalom.org.pl\/en\/wp-json\/wp\/v2\/media?parent=17645"}],"wp:term":[{"taxonomy":"category","embeddable":true,"href":"https:\/\/shalom.org.pl\/en\/wp-json\/wp\/v2\/categories?post=17645"},{"taxonomy":"post_tag","embeddable":true,"href":"https:\/\/shalom.org.pl\/en\/wp-json\/wp\/v2\/tags?post=17645"}],"curies":[{"name":"wp","href":"https:\/\/api.w.org\/{rel}","templated":true}]}}