{"id":17640,"date":"2023-06-19T12:42:35","date_gmt":"2023-06-19T10:42:35","guid":{"rendered":"http:\/\/shalom.org.pl\/?p=17640"},"modified":"2023-07-17T17:22:58","modified_gmt":"2023-07-17T15:22:58","slug":"uroczyste-zamkniecie-festiwalu-koncert-kantoralny-israel-nachman-il-akompaniament-eytan-sobol-il","status":"publish","type":"post","link":"https:\/\/shalom.org.pl\/en\/uroczyste-zamkniecie-festiwalu-koncert-kantoralny-israel-nachman-il-akompaniament-eytan-sobol-il\/","title":{"rendered":"Uroczyste zamkni\u0119cie festiwalu \u2013 koncert kantoralny: ISRAEL NACHMAN |IL| &#038; CHAIM STERN |IL|; akompaniament: EYTAN SOBOL |IL|"},"content":{"rendered":"<h3><strong>Uroczyste zamkni\u0119cie festiwalu \u2013 koncert kantoralny: <\/strong><strong>ISRAEL NACHMAN<\/strong> |IL| <strong>&amp;<\/strong> <strong>CHAIM STERN <\/strong>|IL|; akompaniament: <strong>EYTAN SOBOL <\/strong>|IL|<\/h3>\n<p>Wyst\u0105pi\u0105: kantor <strong>Israel Nachman<\/strong> (\u015bpiew), kantor <strong>Chaim Stern<\/strong> (\u015bpiew), akompaniament: <strong>Eytan Sobol <\/strong>(piano)<\/p>\n<p>Prowadzenie: <strong>Dawid Szurmiej<\/strong><\/p>\n<p>Producent:<strong> Yosi Notkowitz<\/strong><\/p>\n<p>&nbsp;<\/p>\n<p>&nbsp;<\/p>\n<div id=\"attachment_17641\" style=\"width: 610px\" class=\"wp-caption alignnone\"><img fetchpriority=\"high\" decoding=\"async\" aria-describedby=\"caption-attachment-17641\" class=\"wp-image-17641\" src=\"http:\/\/shalom.org.pl\/wp-content\/uploads\/2023\/06\/kantor-Israel-Nachman-300x200.jpg\" alt=\"\" width=\"600\" height=\"400\" srcset=\"https:\/\/shalom.org.pl\/wp-content\/uploads\/2023\/06\/kantor-Israel-Nachman-300x200.jpg 300w, https:\/\/shalom.org.pl\/wp-content\/uploads\/2023\/06\/kantor-Israel-Nachman-768x512.jpg 768w, https:\/\/shalom.org.pl\/wp-content\/uploads\/2023\/06\/kantor-Israel-Nachman-1024x683.jpg 1024w, https:\/\/shalom.org.pl\/wp-content\/uploads\/2023\/06\/kantor-Israel-Nachman-383x255.jpg 383w, https:\/\/shalom.org.pl\/wp-content\/uploads\/2023\/06\/kantor-Israel-Nachman-350x233.jpg 350w\" sizes=\"(max-width: 600px) 100vw, 600px\" \/><p id=\"caption-attachment-17641\" class=\"wp-caption-text\">fot. z archiwum artysty<\/p><\/div>\n<p>Kantor <strong>Israel Nachman<\/strong> \u015bwiatow\u0105 s\u0142aw\u0119 zyska\u0142 nie tylko dzi\u0119ki niekwestionowanemu talentowi wokalnemu, ale i dzi\u0119ki temu, \u017ce jego uduchowiona muzyka porusza, inspiruje i podnosi na duchu, a dzi\u0119ki niezwyk\u0142emu dynamizmowi artystycznemu r\u00f3wnie\u017c anga\u017cuje ka\u017cdego s\u0142uchacza. Israel Nachman dorasta\u0142 w ortodoksyjnej spo\u0142eczno\u015bci \u017cydowskiej w Izraelu, a do obrania drogi kantora zainspirowa\u0142 go dziadek, r\u00f3wnie\u017c kantor. Po uko\u0144czeniu nauki w legendarnej szkole Petach Tikva Eliego Yaffe i Mordechaja Sobola, przez ponad dziesi\u0119\u0107 kontynuowa\u0142 studia nad muzyk\u0105 i rozwojem g\u0142osu, tak\u017ce u najlepszych kantor\u00f3w na \u015bwiecie, a dzi\u015b biegle \u015bpiewa w kilku j\u0119zykach, francuskim, jidysz i w\u0142oskim.<\/p>\n<p>Sam r\u00f3wnie\u017c po\u015bwi\u0119ca si\u0119 wychowaniu kolejnego pokolenia kantor\u00f3w i jest pomostem mi\u0119dzy starszym a m\u0142odszym pokoleniem, mi\u0119dzy liturgi\u0105 a pie\u015bniami klasycznymi. Wydaje p\u0142yty z now\u0105 muzyk\u0105 liturgiczn\u0105, wyst\u0119puje na koncertach i misjach mi\u0119dzywyznaniowych na ca\u0142ym \u015bwiecie (go\u015bci\u0142 w ponad siedemnastu krajach, od Stan\u00f3w Zjednoczonych, przez Meksyk i liczne kraje europejskie) i ma niesamowit\u0105 rzesz\u0119 fan\u00f3w w Internecie.<\/p>\n<p>W ci\u0105gu swojej kariery kantoralnej przez kilka lat pe\u0142ni\u0142 funkcj\u0119 starszego kantora w Mi\u0119dzynarodowej Synagodze w Tel Awiwie i wyst\u0119powa\u0142 na wielotysi\u0119cznych koncertach chanukowych w sali koncertowej Concertgebouw w Amstrerdamie.<\/p>\n<div id=\"attachment_17642\" style=\"width: 410px\" class=\"wp-caption alignnone\"><img decoding=\"async\" aria-describedby=\"caption-attachment-17642\" class=\"wp-image-17642\" src=\"http:\/\/shalom.org.pl\/wp-content\/uploads\/2023\/06\/kantor-Chaim-Stern-200x300.jpg\" alt=\"\" width=\"400\" height=\"600\" srcset=\"https:\/\/shalom.org.pl\/wp-content\/uploads\/2023\/06\/kantor-Chaim-Stern-200x300.jpg 200w, https:\/\/shalom.org.pl\/wp-content\/uploads\/2023\/06\/kantor-Chaim-Stern-768x1153.jpg 768w, https:\/\/shalom.org.pl\/wp-content\/uploads\/2023\/06\/kantor-Chaim-Stern-682x1024.jpg 682w, https:\/\/shalom.org.pl\/wp-content\/uploads\/2023\/06\/kantor-Chaim-Stern-170x255.jpg 170w, https:\/\/shalom.org.pl\/wp-content\/uploads\/2023\/06\/kantor-Chaim-Stern-350x525.jpg 350w, https:\/\/shalom.org.pl\/wp-content\/uploads\/2023\/06\/kantor-Chaim-Stern.jpg 1268w\" sizes=\"(max-width: 400px) 100vw, 400px\" \/><p id=\"caption-attachment-17642\" class=\"wp-caption-text\">fot. z archiwum artysty<\/p><\/div>\n<p>Kantor <strong>Chaim Stern<\/strong> urodzi\u0142 si\u0119 w 1996 roku w znanej jerozolimskiej rodzinie o chwalebnej tradycji muzyki modlitewnej. Studiowa\u0142 muzyk\u0119 kantoraln\u0105 i \u017cydowsk\u0105 muzyk\u0119 liturgiczn\u0105 w s\u0142ynnej szkole Petach Tikva, a dzi\u015b jest uwa\u017cany za jednego z najlepszych uczni\u00f3w maestro Elliego Jaffe i kantora Israela Randa. Chaim Stern regularnie wyst\u0119puje dla spo\u0142eczno\u015bci \u017cydowskich ca\u0142ego \u015bwiata i nie tylko. Wyst\u0119powa\u0142 w wielu wielkich synagogach, w tym izraelskich, m.in. w Jerozolimie, Tel Awiwie i Ramat Gan oraz w Monachium w Niemczech. Regularnie wyst\u0119puje na wielu r\u00f3\u017cnych koncertach \u2013 z wiod\u0105cymi izraelskimi orkiestrami symfonicznymi i z r\u00f3\u017cnymi zespo\u0142ami wokalnymi. Wyst\u0119powa\u0142 m.in. w Pa\u0142acu Kultury w Tel Awiwie czy w Teatrze Jerozolimskim. Jest te\u017c ch\u0119tnie zapraszany do \u015bpiewania podczas ceremonii oraz wydarze\u0144 specjalnych. Jego repertuar obejmuje kompozycje kantoralne, klasyk\u0119 izraelsk\u0105 oraz pie\u015bni w j\u0119zyku jidysz i w\u0142oskim. W\u015br\u00f3d kraj\u00f3w, do kt\u00f3rych dotychczas zawita\u0142 wymieni\u0107 mo\u017cna Australi\u0119, Holandi\u0119, Niemcy, Belgi\u0119, W\u0119gry, Szwajcari\u0119, Monako i Polsk\u0119, gdzie wyst\u0119powa\u0142 ju\u017c kilka razy.<\/p>\n<div id=\"attachment_17643\" style=\"width: 410px\" class=\"wp-caption alignnone\"><img decoding=\"async\" aria-describedby=\"caption-attachment-17643\" class=\"wp-image-17643\" src=\"http:\/\/shalom.org.pl\/wp-content\/uploads\/2023\/06\/Eytan-Sobol_akompaniator-kantor\u00f3w-200x300.jpg\" alt=\"\" width=\"400\" height=\"600\" srcset=\"https:\/\/shalom.org.pl\/wp-content\/uploads\/2023\/06\/Eytan-Sobol_akompaniator-kantor\u00f3w-200x300.jpg 200w, https:\/\/shalom.org.pl\/wp-content\/uploads\/2023\/06\/Eytan-Sobol_akompaniator-kantor\u00f3w-683x1024.jpg 683w, https:\/\/shalom.org.pl\/wp-content\/uploads\/2023\/06\/Eytan-Sobol_akompaniator-kantor\u00f3w-170x255.jpg 170w, https:\/\/shalom.org.pl\/wp-content\/uploads\/2023\/06\/Eytan-Sobol_akompaniator-kantor\u00f3w-350x525.jpg 350w, https:\/\/shalom.org.pl\/wp-content\/uploads\/2023\/06\/Eytan-Sobol_akompaniator-kantor\u00f3w.jpg 719w\" sizes=\"(max-width: 400px) 100vw, 400px\" \/><p id=\"caption-attachment-17643\" class=\"wp-caption-text\">fot. z archiwum artysty<\/p><\/div>\n<p>Znany izraelski pianista, muzyk i dyrygent <strong>Eytan Sobol <\/strong>jest absolwentem Wydzia\u0142u Muzyki i Kompozycji Akademii Muzycznej w Tel Awiwie. Od lat zajmuje si\u0119 spe\u0142nia si\u0119 tak\u017ce jako kierownik i menad\u017cer muzyczny. Jako pianista akompaniator Eitan Sobol towarzyszy\u0142 wielu znanym na ca\u0142ym \u015bwiecie kantorom, takim jak Itzchak Meir Helfgot, David Fisher, Chaim Adler, Israel Rand Nissim Sall czy Nachman Turgeman, bra\u0142 te\u017c udzia\u0142 w koncertach kantoralnych w ca\u0142ym Izraelu, USA, Krakowie, Lublinie i nie tylko. Przez wiele lat by\u0142 r\u00f3wnie\u017c dyrygentem Izraelskiej Orkiestry Policyjnej, dyrygowa\u0142 Jerozolimsk\u0105 Orkiestr\u0105 Symfoniczn\u0105, zajmuje si\u0119 r\u00f3wniez dyrygentur\u0105 koncert\u00f3w kantoralnych i ch\u00f3r\u00f3w chasydzkich.<\/p>\n<hr>\n<p><span style=\"font-size: 10pt;\"><strong>Synagoga im. Ma\u0142\u017conk\u00f3w No\u017cyk\u00f3w<\/strong><strong>, ul. Twarda 6<\/strong><\/span><\/p>\n<p><span style=\"font-size: 10pt;\">Bilety: 150 PLN \u2013 do nabycia na: www.teatr-zydowski.art.pl, w Biurze Organizacji Widowni tel. 48 602 534 270; 22 850 64 50 lub 51 oraz w kasach Teatru \u017bydowskiego: przy ul. Senatorskiej 35, tel. 22 850 64 35 lub w Klubie Dow\u00f3dztwa Garnizonu Warszawa, al. Niepodleg\u0142o\u015bci 141a, tel. 22 850 56 56; miejsca nie s\u0105 numerowane, m\u0119\u017cczyzn obowi\u0105zuj\u0105 nakrycia g\u0142owy<\/span><\/p>\n","protected":false},"excerpt":{"rendered":"<p>Uroczyste zamkni\u0119cie festiwalu \u2013 koncert kantoralny: ISRAEL NACHMAN |IL| &amp; CHAIM STERN |IL|; akompaniament: EYTAN SOBOL |IL| Wyst\u0105pi\u0105: kantor Israel [&hellip;]<\/p>\n","protected":false},"author":5,"featured_media":0,"comment_status":"open","ping_status":"open","sticky":false,"template":"","format":"standard","meta":{"_acf_changed":false,"ngg_post_thumbnail":0,"footnotes":""},"categories":[53],"tags":[71],"class_list":["post-17640","post","type-post","status-publish","format-standard","hentry","category-program","tag-koncert"],"acf":[],"_links":{"self":[{"href":"https:\/\/shalom.org.pl\/en\/wp-json\/wp\/v2\/posts\/17640","targetHints":{"allow":["GET"]}}],"collection":[{"href":"https:\/\/shalom.org.pl\/en\/wp-json\/wp\/v2\/posts"}],"about":[{"href":"https:\/\/shalom.org.pl\/en\/wp-json\/wp\/v2\/types\/post"}],"author":[{"embeddable":true,"href":"https:\/\/shalom.org.pl\/en\/wp-json\/wp\/v2\/users\/5"}],"replies":[{"embeddable":true,"href":"https:\/\/shalom.org.pl\/en\/wp-json\/wp\/v2\/comments?post=17640"}],"version-history":[{"count":4,"href":"https:\/\/shalom.org.pl\/en\/wp-json\/wp\/v2\/posts\/17640\/revisions"}],"predecessor-version":[{"id":18197,"href":"https:\/\/shalom.org.pl\/en\/wp-json\/wp\/v2\/posts\/17640\/revisions\/18197"}],"wp:attachment":[{"href":"https:\/\/shalom.org.pl\/en\/wp-json\/wp\/v2\/media?parent=17640"}],"wp:term":[{"taxonomy":"category","embeddable":true,"href":"https:\/\/shalom.org.pl\/en\/wp-json\/wp\/v2\/categories?post=17640"},{"taxonomy":"post_tag","embeddable":true,"href":"https:\/\/shalom.org.pl\/en\/wp-json\/wp\/v2\/tags?post=17640"}],"curies":[{"name":"wp","href":"https:\/\/api.w.org\/{rel}","templated":true}]}}