{"id":17614,"date":"2023-06-19T12:39:07","date_gmt":"2023-06-19T10:39:07","guid":{"rendered":"http:\/\/shalom.org.pl\/?p=17614"},"modified":"2023-06-19T12:39:07","modified_gmt":"2023-06-19T10:39:07","slug":"koncert-daniel-kahn-us-de-jake-shulman-ment-us-christian-dawid-de-unbroken-birds","status":"publish","type":"post","link":"https:\/\/shalom.org.pl\/en\/koncert-daniel-kahn-us-de-jake-shulman-ment-us-christian-dawid-de-unbroken-birds\/","title":{"rendered":"Koncert | DANIEL KAHN |US\/DE|, JAKE SHULMAN-MENT |US| &#038; CHRISTIAN DAWID |DE|: \u201cUnbroken Birds\u201d"},"content":{"rendered":"<h3><strong>Koncert | DANIEL KAHN <\/strong>|US\/DE|,<strong> JAKE SHULMAN-MENT <\/strong>|US|<strong> &amp; CHRISTIAN DAWID <\/strong>|DE|<strong>: \u201cUnbroken Birds\u201d <\/strong><\/h3>\n<p>Wyst\u0105pi\u0105:<strong> Daniel Kahn<\/strong> (akordeon, piano), <strong>Jake Shulman-Ment <\/strong>(skrzypce) <strong>Christian Dawid <\/strong>(klarnet)<\/p>\n<p>Unbroken Birds. Rewolucyjne klezmersko-punkowe hymny na apokalips\u0119!<\/p>\n<div id=\"attachment_17615\" style=\"width: 610px\" class=\"wp-caption alignnone\"><img fetchpriority=\"high\" decoding=\"async\" aria-describedby=\"caption-attachment-17615\" class=\"wp-image-17615\" src=\"http:\/\/shalom.org.pl\/wp-content\/uploads\/2023\/06\/Daniel_Kahn_Jake_Shulman-Ment_Panda_Berlin_BW53-300x200.jpg\" alt=\"\" width=\"600\" height=\"400\" srcset=\"https:\/\/shalom.org.pl\/wp-content\/uploads\/2023\/06\/Daniel_Kahn_Jake_Shulman-Ment_Panda_Berlin_BW53-300x200.jpg 300w, https:\/\/shalom.org.pl\/wp-content\/uploads\/2023\/06\/Daniel_Kahn_Jake_Shulman-Ment_Panda_Berlin_BW53-768x512.jpg 768w, https:\/\/shalom.org.pl\/wp-content\/uploads\/2023\/06\/Daniel_Kahn_Jake_Shulman-Ment_Panda_Berlin_BW53-1024x683.jpg 1024w, https:\/\/shalom.org.pl\/wp-content\/uploads\/2023\/06\/Daniel_Kahn_Jake_Shulman-Ment_Panda_Berlin_BW53-383x255.jpg 383w, https:\/\/shalom.org.pl\/wp-content\/uploads\/2023\/06\/Daniel_Kahn_Jake_Shulman-Ment_Panda_Berlin_BW53-350x233.jpg 350w\" sizes=\"(max-width: 600px) 100vw, 600px\" \/><p id=\"caption-attachment-17615\" class=\"wp-caption-text\">fot. Adam Berry<\/p><\/div>\n<p>Przez ponad 10 lat Daniel Kahn &amp; The Painted Bird poruszali si\u0119 po dychotomii mi\u0119dzy rewolucj\u0105 a alienacj\u0105, polityk\u0105 a poezj\u0105, gro\u017ab\u0105 wybuchu a widmem korozji. Aktualnie trzech weteran\u00f3w zespo\u0142u powraca do repertuaru oryginalnych, radykalnych, muzycznych \u201cbandyt\u00f3w pogranicza j\u0119zyka jidysz\u201d: mieszkaj\u0105cy w Berlinie, urodzony w Detroit poeta, t\u0142umacz, piosenkarz i multiinstrumentalista (akordeon, fortepian, gitara) <strong>Daniel Kahn<\/strong>; berli\u0144ski mistrz klarnetu, saksofonu i instrument\u00f3w d\u0119tych blaszanych <strong>Christian Dawid<\/strong> oraz nowojorski wirtuoz \u201cskrzypiec w j\u0119zyku jidysz\u201d <strong>Jake Shulman-Ment<\/strong>. Zamiast ponownego spotkania do\u015b\u0107 ju\u017c jednak d\u0142ugo lataj\u0105cego \u201cstada ptak\u00f3w\u201d, jest spotkanie ze starymi i nowymi piosenkami. Jednak z ca\u0142\u0105 pewno\u015bci\u0105 zn\u00f3w wkraczaj\u0105ce na nowe terytorium zabawy d\u017awi\u0119kiem.<\/p>\n<hr>\n<p><span style=\"font-size: 10pt;\"><strong>Teatr \u017bydowski, ul. Senatorska 35 \u2013 Scena Letnia<\/strong><\/span><\/p>\n<p><span style=\"font-size: 10pt;\">Bilety: 60\/50 PLN (ulgowy) \u2013 do nabycia na: www.kicket.com\/warszawa, www.teatr-zydowski.art.pl, w Biurze Organizacji Widowni tel. 48 602 534 270; 22 850 64 50 lub 51 oraz w kasach Teatru \u017bydowskiego: przy ul. Senatorskiej 35, tel. 22 850 64 35 lub w Klubie Dow\u00f3dztwa Garnizonu Warszawa, al. Niepodleg\u0142o\u015bci 141a, tel. 22 850 56 56; miejsca nie s\u0105 numerowane<\/span><\/p>\n<p><span style=\"font-size: 10pt;\">(Bilet ulgowy przys\u0142uguje emerytom, rencistom i studentom po okazaniu legitymacji)<\/span><\/p>\n<hr>\n<p>&nbsp;<\/p>\n","protected":false},"excerpt":{"rendered":"<p>Koncert | DANIEL KAHN |US\/DE|, JAKE SHULMAN-MENT |US| &amp; CHRISTIAN DAWID |DE|: \u201cUnbroken Birds\u201d Wyst\u0105pi\u0105: Daniel Kahn (akordeon, piano), Jake [&hellip;]<\/p>\n","protected":false},"author":5,"featured_media":0,"comment_status":"open","ping_status":"open","sticky":false,"template":"","format":"standard","meta":{"_acf_changed":false,"ngg_post_thumbnail":0,"footnotes":""},"categories":[53],"tags":[71],"class_list":["post-17614","post","type-post","status-publish","format-standard","hentry","category-program","tag-koncert"],"acf":[],"_links":{"self":[{"href":"https:\/\/shalom.org.pl\/en\/wp-json\/wp\/v2\/posts\/17614","targetHints":{"allow":["GET"]}}],"collection":[{"href":"https:\/\/shalom.org.pl\/en\/wp-json\/wp\/v2\/posts"}],"about":[{"href":"https:\/\/shalom.org.pl\/en\/wp-json\/wp\/v2\/types\/post"}],"author":[{"embeddable":true,"href":"https:\/\/shalom.org.pl\/en\/wp-json\/wp\/v2\/users\/5"}],"replies":[{"embeddable":true,"href":"https:\/\/shalom.org.pl\/en\/wp-json\/wp\/v2\/comments?post=17614"}],"version-history":[{"count":3,"href":"https:\/\/shalom.org.pl\/en\/wp-json\/wp\/v2\/posts\/17614\/revisions"}],"predecessor-version":[{"id":17677,"href":"https:\/\/shalom.org.pl\/en\/wp-json\/wp\/v2\/posts\/17614\/revisions\/17677"}],"wp:attachment":[{"href":"https:\/\/shalom.org.pl\/en\/wp-json\/wp\/v2\/media?parent=17614"}],"wp:term":[{"taxonomy":"category","embeddable":true,"href":"https:\/\/shalom.org.pl\/en\/wp-json\/wp\/v2\/categories?post=17614"},{"taxonomy":"post_tag","embeddable":true,"href":"https:\/\/shalom.org.pl\/en\/wp-json\/wp\/v2\/tags?post=17614"}],"curies":[{"name":"wp","href":"https:\/\/api.w.org\/{rel}","templated":true}]}}