{"id":17605,"date":"2023-06-19T12:37:40","date_gmt":"2023-06-19T10:37:40","guid":{"rendered":"http:\/\/shalom.org.pl\/?p=17605"},"modified":"2023-06-23T19:06:20","modified_gmt":"2023-06-23T17:06:20","slug":"koncert-siostry-rajfer-pl-il-piosenka-to-lekarstwo-na-wszystko","status":"publish","type":"post","link":"https:\/\/shalom.org.pl\/en\/koncert-siostry-rajfer-pl-il-piosenka-to-lekarstwo-na-wszystko\/","title":{"rendered":"Koncert | SIOSTRY RAJFER |PL\/IL|: \u201ePiosenka to lekarstwo na wszystko\u201d"},"content":{"rendered":"<h3><strong>Koncert | SIOSTRY RAJFER <\/strong>|PL\/IL|<strong>: \u201ePiosenka to lekarstwo na wszystko\u201d <\/strong><\/h3>\n<p>Wyst\u0119p <strong>Si\u00f3str Rajfer<\/strong>, czyli rozta\u0144czonego i roz\u015bpiewanego duetu bli\u017aniaczek <strong>Czes\u0142awy i Zofii Rajfer<\/strong>, to gratka, na kt\u00f3r\u0105 wierni fani festiwalu czekali ju\u017c od kilku lat.<\/p>\n<div id=\"attachment_17606\" style=\"width: 610px\" class=\"wp-caption alignnone\"><img fetchpriority=\"high\" decoding=\"async\" aria-describedby=\"caption-attachment-17606\" class=\"wp-image-17606\" src=\"http:\/\/shalom.org.pl\/wp-content\/uploads\/2023\/06\/siostry-rajfer-na-placu-grzybowskim-300x200.jpg\" alt=\"\" width=\"600\" height=\"400\" srcset=\"https:\/\/shalom.org.pl\/wp-content\/uploads\/2023\/06\/siostry-rajfer-na-placu-grzybowskim-300x200.jpg 300w, https:\/\/shalom.org.pl\/wp-content\/uploads\/2023\/06\/siostry-rajfer-na-placu-grzybowskim-768x512.jpg 768w, https:\/\/shalom.org.pl\/wp-content\/uploads\/2023\/06\/siostry-rajfer-na-placu-grzybowskim-1024x683.jpg 1024w, https:\/\/shalom.org.pl\/wp-content\/uploads\/2023\/06\/siostry-rajfer-na-placu-grzybowskim-383x255.jpg 383w, https:\/\/shalom.org.pl\/wp-content\/uploads\/2023\/06\/siostry-rajfer-na-placu-grzybowskim-350x233.jpg 350w\" sizes=\"(max-width: 600px) 100vw, 600px\" \/><p id=\"caption-attachment-17606\" class=\"wp-caption-text\">fot. z archiwum organizatora<\/p><\/div>\n<p>Pe\u0142ne uroku i temperamentu scenicznego artystki, kt\u00f3re urodzi\u0142y si\u0119 w Polsce, od 1990 roku mieszkaj\u0105 w Izraelu, a wyst\u0119puj\u0105 m.in. w Stanach Zjednoczonych, Kanadzie, Wielkiej Brytanii, Francji, Grecji, Niemczech i we W\u0142oszech, podczas tegorocznej edycji Festiwalu Warszawa Singera zaprezentuj\u0105 znane szlagiery w jidysz, pie\u015bni i wi\u0105zanki popularnych piosenek po hebrajsku, utwory \u015bpiewane w ladino oraz piosenki po polsku, ale wykonane w stylu cyga\u0144skim. Specjalnie na ten wyst\u0119p, dla swojej wiernej publiczno\u015bci, Siostry Rajfer przygotowa\u0142y te\u017c utwory, kt\u00f3rych jeszcze nie wykonywa\u0142y w Polsce. A opr\u00f3cz tego zapowiedzia\u0142y wykonanie pie\u015bni dotykaj\u0105cych niezwykle wa\u017cnego obecnie tematu \u2013 pokoju na \u015bwiecie.<\/p>\n<hr>\n<p><span style=\"font-size: 10pt;\"><strong>Teatr \u017bydowski, ul. Senatorska 35 \u2013 Scena Letnia<\/strong><\/span><\/p>\n<p><span style=\"font-size: 10pt;\">Bilety: 40\/30 PLN (ulgowy) \u2013 do nabycia na: www.kicket.com\/warszawa, www.teatr-zydowski.art.pl, w Biurze Organizacji Widowni tel. 48 602 534 270; 22 850 64 50 lub 51 oraz w kasach Teatru \u017bydowskiego: przy ul. Senatorskiej 35, tel. 22 850 64 35 lub w Klubie Dow\u00f3dztwa Garnizonu Warszawa, al. Niepodleg\u0142o\u015bci 141a, tel. 22 850 56 56; miejsca nie s\u0105 numerowane<\/span><\/p>\n<p><span style=\"font-size: 10pt;\">(Bilet ulgowy przys\u0142uguje emerytom, rencistom i studentom po okazaniu legitymacji)<\/span><\/p>\n<hr>\n<p>&nbsp;<\/p>\n","protected":false},"excerpt":{"rendered":"<p>Koncert | SIOSTRY RAJFER |PL\/IL|: \u201ePiosenka to lekarstwo na wszystko\u201d Wyst\u0119p Si\u00f3str Rajfer, czyli rozta\u0144czonego i roz\u015bpiewanego duetu bli\u017aniaczek Czes\u0142awy [&hellip;]<\/p>\n","protected":false},"author":5,"featured_media":0,"comment_status":"open","ping_status":"open","sticky":false,"template":"","format":"standard","meta":{"_acf_changed":false,"ngg_post_thumbnail":0,"footnotes":""},"categories":[53],"tags":[71],"class_list":["post-17605","post","type-post","status-publish","format-standard","hentry","category-program","tag-koncert"],"acf":[],"_links":{"self":[{"href":"https:\/\/shalom.org.pl\/en\/wp-json\/wp\/v2\/posts\/17605","targetHints":{"allow":["GET"]}}],"collection":[{"href":"https:\/\/shalom.org.pl\/en\/wp-json\/wp\/v2\/posts"}],"about":[{"href":"https:\/\/shalom.org.pl\/en\/wp-json\/wp\/v2\/types\/post"}],"author":[{"embeddable":true,"href":"https:\/\/shalom.org.pl\/en\/wp-json\/wp\/v2\/users\/5"}],"replies":[{"embeddable":true,"href":"https:\/\/shalom.org.pl\/en\/wp-json\/wp\/v2\/comments?post=17605"}],"version-history":[{"count":3,"href":"https:\/\/shalom.org.pl\/en\/wp-json\/wp\/v2\/posts\/17605\/revisions"}],"predecessor-version":[{"id":17989,"href":"https:\/\/shalom.org.pl\/en\/wp-json\/wp\/v2\/posts\/17605\/revisions\/17989"}],"wp:attachment":[{"href":"https:\/\/shalom.org.pl\/en\/wp-json\/wp\/v2\/media?parent=17605"}],"wp:term":[{"taxonomy":"category","embeddable":true,"href":"https:\/\/shalom.org.pl\/en\/wp-json\/wp\/v2\/categories?post=17605"},{"taxonomy":"post_tag","embeddable":true,"href":"https:\/\/shalom.org.pl\/en\/wp-json\/wp\/v2\/tags?post=17605"}],"curies":[{"name":"wp","href":"https:\/\/api.w.org\/{rel}","templated":true}]}}