{"id":17599,"date":"2023-06-19T12:38:28","date_gmt":"2023-06-19T10:38:28","guid":{"rendered":"http:\/\/shalom.org.pl\/?p=17599"},"modified":"2023-07-17T17:45:07","modified_gmt":"2023-07-17T15:45:07","slug":"koncert-michal-hochman-pl-us-tancze-zycie","status":"publish","type":"post","link":"https:\/\/shalom.org.pl\/en\/koncert-michal-hochman-pl-us-tancze-zycie\/","title":{"rendered":"Koncert | MICHA\u0141 HOCHMAN |PL\/US|: \u201eTa\u0144cz\u0119 \u017cycie\u201d"},"content":{"rendered":"<h3><strong>Koncert <\/strong><strong>| MICHA\u0141 HOCHMAN <\/strong>|PL\/US|:<strong> \u201eTa\u0144cz\u0119 \u017cycie\u201d <\/strong><\/h3>\n<p>Wyst\u0105pi\u0105: <strong>Micha\u0142 Hochman <\/strong>(\u015bpiew, gitara),<strong> Maciej G\u0142adysz <\/strong>(gitara elektryczna), <strong>Adam Abramek <\/strong>(gitara basowa),<strong> Maciej Kopczy\u0144ski <\/strong>(gitara akustyczna),<strong> Rafa\u0142 Grz\u0105ka <\/strong>(akordeon),<strong> Kuba Jab\u0142o\u0144ski <\/strong>(perkusja),<strong> Kalina Gumi\u0144ska <\/strong>(ch\u00f3rki)<\/p>\n<p><strong>Micha\u0142 Hochman<\/strong> \u2013 obywatel \u015bwiata, bard, pierwszy wykonawca \u201eKonika na biegunach\u201d \u2013 \u015bpiewa\u0142 w\u0142a\u015bciwie od zawsze, od czas\u00f3w swoich narodzin na Syberii, czy potem, podczas w\u0119dr\u00f3wki przez Polsk\u0119 a\u017c do USA. Jego piosenki s\u0105 zawsze pe\u0142ne refleksji i t\u0119sknoty. Refleksji o jego tera\u017aniejszo\u015bci, i t\u0119sknoty do miejsc, w kt\u00f3rych mieszka\u0142 przez wi\u0119kszo\u015b\u0107 czasu, a\u017c do wyjazdu z Polski w 1968 roku.<\/p>\n<div id=\"attachment_17578\" style=\"width: 510px\" class=\"wp-caption alignnone\"><img fetchpriority=\"high\" decoding=\"async\" aria-describedby=\"caption-attachment-17578\" class=\"wp-image-17578\" src=\"http:\/\/shalom.org.pl\/wp-content\/uploads\/2023\/06\/Micha\u0142-Hochman-300x200.jpg\" alt=\"\" width=\"500\" height=\"333\" srcset=\"https:\/\/shalom.org.pl\/wp-content\/uploads\/2023\/06\/Micha\u0142-Hochman-300x200.jpg 300w, https:\/\/shalom.org.pl\/wp-content\/uploads\/2023\/06\/Micha\u0142-Hochman-768x512.jpg 768w, https:\/\/shalom.org.pl\/wp-content\/uploads\/2023\/06\/Micha\u0142-Hochman-1024x683.jpg 1024w, https:\/\/shalom.org.pl\/wp-content\/uploads\/2023\/06\/Micha\u0142-Hochman-383x255.jpg 383w, https:\/\/shalom.org.pl\/wp-content\/uploads\/2023\/06\/Micha\u0142-Hochman-350x233.jpg 350w\" sizes=\"(max-width: 500px) 100vw, 500px\" \/><p id=\"caption-attachment-17578\" class=\"wp-caption-text\">fot. Larissa Baldovin<\/p><\/div>\n<p>W koncercie \u201eTa\u0144cz\u0119 \u017cycie\u201d us\u0142yszymy po\u0142\u0105czone wsp\u00f3lnie i nowe, i starsze utwory, g\u0142\u00f3wnie \u017cydowskich autor\u00f3w mieszkaj\u0105cych kiedy\u015b w Polsce, b\u0119d\u0105ce wyrazem nostalgii do miejsc rodzinnych, utraconego dzieci\u0144stwa i m\u0142odo\u015bci.<\/p>\n<p>Wyst\u0119p na \u017cywo Micha\u0142a Hochmana z czo\u0142owymi polskimi muzykami b\u0119dzie uzupe\u0142niony wizualizacjami, kt\u00f3re przygotowa\u0142a Larissa Baldovin.<\/p>\n<hr>\n<p><strong><span style=\"font-size: 10pt;\">Teatr Kwadrat, ul. Marsza\u0142kowska 138 \u2013<\/span> <\/strong><strong><span style=\"font-size: 10pt;\">Scena im. Jana Kobuszewskiego<\/span><\/strong><\/p>\n<p><span style=\"font-size: 10pt;\">Bilety: 50\/40 PLN (ulgowy) \u2013 do nabycia na: www.kicket.com\/warszawa, www.teatr-zydowski.art.pl, w Biurze Organizacji Widowni tel. 48 602 534 270; 22 850 64 50 lub 51 oraz w kasach Teatru \u017bydowskiego: przy ul. Senatorskiej 35, tel. 22 850 64 35 lub w Klubie Dow\u00f3dztwa Garnizonu Warszawa, al. Niepodleg\u0142o\u015bci 141a, tel. 22 850 56 56; miejsca nie s\u0105 numerowane<\/span><\/p>\n<p><span style=\"font-size: 10pt;\">(Bilet ulgowy przys\u0142uguje emerytom, rencistom i studentom po okazaniu legitymacji)<\/span><\/p>\n<hr>\n<p>&nbsp;<\/p>\n","protected":false},"excerpt":{"rendered":"<p>Koncert | MICHA\u0141 HOCHMAN |PL\/US|: \u201eTa\u0144cz\u0119 \u017cycie\u201d Wyst\u0105pi\u0105: Micha\u0142 Hochman (\u015bpiew, gitara), Maciej G\u0142adysz (gitara elektryczna), Adam Abramek (gitara basowa), [&hellip;]<\/p>\n","protected":false},"author":5,"featured_media":0,"comment_status":"open","ping_status":"open","sticky":false,"template":"","format":"standard","meta":{"_acf_changed":false,"ngg_post_thumbnail":0,"footnotes":""},"categories":[53],"tags":[71],"class_list":["post-17599","post","type-post","status-publish","format-standard","hentry","category-program","tag-koncert"],"acf":[],"_links":{"self":[{"href":"https:\/\/shalom.org.pl\/en\/wp-json\/wp\/v2\/posts\/17599","targetHints":{"allow":["GET"]}}],"collection":[{"href":"https:\/\/shalom.org.pl\/en\/wp-json\/wp\/v2\/posts"}],"about":[{"href":"https:\/\/shalom.org.pl\/en\/wp-json\/wp\/v2\/types\/post"}],"author":[{"embeddable":true,"href":"https:\/\/shalom.org.pl\/en\/wp-json\/wp\/v2\/users\/5"}],"replies":[{"embeddable":true,"href":"https:\/\/shalom.org.pl\/en\/wp-json\/wp\/v2\/comments?post=17599"}],"version-history":[{"count":4,"href":"https:\/\/shalom.org.pl\/en\/wp-json\/wp\/v2\/posts\/17599\/revisions"}],"predecessor-version":[{"id":18200,"href":"https:\/\/shalom.org.pl\/en\/wp-json\/wp\/v2\/posts\/17599\/revisions\/18200"}],"wp:attachment":[{"href":"https:\/\/shalom.org.pl\/en\/wp-json\/wp\/v2\/media?parent=17599"}],"wp:term":[{"taxonomy":"category","embeddable":true,"href":"https:\/\/shalom.org.pl\/en\/wp-json\/wp\/v2\/categories?post=17599"},{"taxonomy":"post_tag","embeddable":true,"href":"https:\/\/shalom.org.pl\/en\/wp-json\/wp\/v2\/tags?post=17599"}],"curies":[{"name":"wp","href":"https:\/\/api.w.org\/{rel}","templated":true}]}}