{"id":17589,"date":"2023-06-19T12:36:37","date_gmt":"2023-06-19T10:36:37","guid":{"rendered":"http:\/\/shalom.org.pl\/?p=17589"},"modified":"2023-08-18T14:40:53","modified_gmt":"2023-08-18T12:40:53","slug":"koncert-trio-fandujo-hu-it-mx","status":"publish","type":"post","link":"https:\/\/shalom.org.pl\/en\/koncert-trio-fandujo-hu-it-mx\/","title":{"rendered":"Koncert | PAOLA QUAGLIATA |IT| &#038; Trio FANDUJO |HU\/IT\/MX|"},"content":{"rendered":"<h3><strong>Koncert <\/strong><strong>| PAOLA QUAGLIATA |IT| &amp; Trio FANDUJO <\/strong>|HU\/IT\/MX|<\/h3>\n<p>Wyst\u0105pi\u0105: <strong>Paola Quagliata<\/strong> (\u015bpiew) oraz<strong> Trio Fandujo <\/strong>w sk\u0142adzie: <strong>Fruzsina L\u00e1szl\u00f3<\/strong> (saksofon), <strong>Ungheria Pierpaolo Palazzo<\/strong> (gitara), <strong>Germ\u00e1n Montes de Oca<\/strong> (cajon)<\/p>\n<div id=\"attachment_17590\" style=\"width: 510px\" class=\"wp-caption alignnone\"><img fetchpriority=\"high\" decoding=\"async\" aria-describedby=\"caption-attachment-17590\" class=\"wp-image-17590\" src=\"http:\/\/shalom.org.pl\/wp-content\/uploads\/2023\/06\/Paola-Quagliata-300x200.jpg\" alt=\"\" width=\"500\" height=\"333\" srcset=\"https:\/\/shalom.org.pl\/wp-content\/uploads\/2023\/06\/Paola-Quagliata-300x200.jpg 300w, https:\/\/shalom.org.pl\/wp-content\/uploads\/2023\/06\/Paola-Quagliata-768x512.jpg 768w, https:\/\/shalom.org.pl\/wp-content\/uploads\/2023\/06\/Paola-Quagliata-1024x682.jpg 1024w, https:\/\/shalom.org.pl\/wp-content\/uploads\/2023\/06\/Paola-Quagliata-383x255.jpg 383w, https:\/\/shalom.org.pl\/wp-content\/uploads\/2023\/06\/Paola-Quagliata-350x233.jpg 350w, https:\/\/shalom.org.pl\/wp-content\/uploads\/2023\/06\/Paola-Quagliata.jpg 1837w\" sizes=\"(max-width: 500px) 100vw, 500px\" \/><p id=\"caption-attachment-17590\" class=\"wp-caption-text\">fot. z archiwum artystki<\/p><\/div>\n<p>Znakiem rozpoznawczym w\u0142oskiej piosenkarki <strong>Paoli Quagliaty<\/strong> jest eklektyzm, kt\u00f3ry si\u0119ga ju\u017c samych pocz\u0105tk\u00f3w jej kariery muzycznej. Artystka robi\u0142a dyplom ze \u015bpiewu operowego i jazzu, by zaraz potem intensywnie zaistnie\u0107 w \u015bwiecie teatru i opery, jednocze\u015bnie ulegaj\u0105c silnemu przyci\u0105ganiu \u015bwiata muzyki wsp\u00f3\u0142czesnej.<\/p>\n<p>Podobny \u201eeklektyzm\u201d odnale\u017a\u0107 mo\u017cna w zespole Fiandujo, tworzonym przez w\u0119giersk\u0105 saksofonistk\u0119 <strong>Fruzsin\u0119 L\u00e1szl\u00f3<\/strong> i w\u0142oskiego gitarzyst\u0119 <strong>Pierpaolo Palazzo<\/strong>, kt\u00f3rzy reprezentuj\u0105 nurt raczej klasyczny, oraz pochodz\u0105cego z Meksyku i graj\u0105cego na cejonie <strong>Germ\u00e1na Montesa de Oca<\/strong>, wyros\u0142ego z nurtu jazzowo-funkowego.<\/p>\n<div id=\"attachment_18429\" style=\"width: 610px\" class=\"wp-caption alignnone\"><img decoding=\"async\" aria-describedby=\"caption-attachment-18429\" class=\"wp-image-18429\" src=\"http:\/\/shalom.org.pl\/wp-content\/uploads\/2023\/08\/trio-Fandujo-300x203.jpg\" alt=\"\" width=\"600\" height=\"406\" srcset=\"https:\/\/shalom.org.pl\/wp-content\/uploads\/2023\/08\/trio-Fandujo-300x203.jpg 300w, https:\/\/shalom.org.pl\/wp-content\/uploads\/2023\/08\/trio-Fandujo-768x519.jpg 768w, https:\/\/shalom.org.pl\/wp-content\/uploads\/2023\/08\/trio-Fandujo-1024x692.jpg 1024w, https:\/\/shalom.org.pl\/wp-content\/uploads\/2023\/08\/trio-Fandujo-377x255.jpg 377w, https:\/\/shalom.org.pl\/wp-content\/uploads\/2023\/08\/trio-Fandujo-350x237.jpg 350w, https:\/\/shalom.org.pl\/wp-content\/uploads\/2023\/08\/trio-Fandujo.jpg 1080w\" sizes=\"(max-width: 600px) 100vw, 600px\" \/><p id=\"caption-attachment-18429\" class=\"wp-caption-text\">fot. z archiwum zespo\u0142u<\/p><\/div>\n<p>Fandujo to mi\u0119dzynarodowe trio za\u0142o\u017cone w 2014 roku dzi\u0119ki spotkaniu trojga muzyk\u00f3w zajmuj\u0105cych si\u0119 kultur\u0105 i edukacj\u0105 muzyczn\u0105. Pozornie odleg\u0142\u0105, poniewa\u017c i w\u0119gierska saksofonistka <strong>Fruzsina L\u00e1szl\u00f3<\/strong> i w\u0142oski gitarzysta <strong>Pierpaolo Palazzo<\/strong> reprezentuj\u0105 nurt raczej klasyczny, natomiast pochodz\u0105cy z Meksyku i graj\u0105cy na cejonie <strong>Germ\u00e1n Montes de Oca<\/strong> \u2013 nurt bardziej jazzowo-funkowy. Jednak to, co ich zbli\u017cy\u0142o, to ch\u0119\u0107 przekszta\u0142cania i mieszania r\u00f3\u017cnych gatunk\u00f3w. St\u0105d nazwa zespo\u0142u \u2013 \u2018fandujo\u2019 w esperanto znaczy \u2018tygiel\u2019, co w zamy\u015ble tria oznacza tygiel wsp\u00f3\u0142istniej\u0105cych kultur, j\u0119zyk\u00f3w i grup etnicznych wzbogacaj\u0105cych si\u0119 nawzajem; a w odniesieniu do ich muzyki \u2013 miksowanie r\u00f3\u017cnych styl\u00f3w, od ta\u0144c\u00f3w ludowych po czyst\u0105 muzyk\u0119 instrumentaln\u0105. A gdy zajrzymy g\u0142\u0119biej do tygla zespo\u0142u Fandujo, z pewno\u015bci\u0105 odnajdziemy inspiracje muzyk\u0105 ba\u0142ka\u0144sk\u0105 i tzw. muzyk\u0105 Morza \u015ar\u00f3dziemnego, ale te\u017c i utwory w\u0142asnej kompozycji. Zesp\u00f3\u0142, kt\u00f3ry ju\u017c nied\u0142ugo b\u0119dzie obchodzi\u0142 swoje dziesi\u0119ciolecie, jest nie tylko uwielbiany przez publiczno\u015b\u0107, ale i doceniany na festiwalach i konkursach. Jednym z ich najwi\u0119kszych sukces\u00f3w by\u0142o otrzymanie nagrody g\u0142\u00f3wnej w kategorii \u201eTidone Folk\u201d na Mi\u0119dzynarodowym Festiwalu Muzycznym Val Tidone.<\/p>\n<hr>\n<p><strong><span style=\"font-size: 10pt;\">Teatr \u017bydowski, ul. Senatorska 35 \u2013<\/span> <\/strong><strong><span style=\"font-size: 10pt;\">Scena Letnia<\/span><\/strong><\/p>\n<p><span style=\"font-size: 10pt;\">Bilety: 40\/30 PLN (ulgowy) \u2013 do nabycia na: www.kicket.com\/warszawa, www.teatr-zydowski.art.pl, w Biurze Organizacji Widowni tel. 48 602 534 270; 22 850 64 50 lub 51 oraz w kasach Teatru \u017bydowskiego: przy ul. Senatorskiej 35, tel. 22 850 64 35 lub w Klubie Dow\u00f3dztwa Garnizonu Warszawa, al. Niepodleg\u0142o\u015bci 141a, tel. 22 850 56 56; miejsca nie s\u0105 numerowane<\/span><\/p>\n<p><span style=\"font-size: 10pt;\">(Bilet ulgowy przys\u0142uguje emerytom, rencistom i studentom po okazaniu legitymacji)<\/span><\/p>\n<hr>\n<p><span style=\"font-size: 10pt;\"><em>Zorganizowano we wsp\u00f3\u0142pracy z W\u0142oskim Instytutem Kultury w Polsce<\/em><\/span><\/p>\n","protected":false},"excerpt":{"rendered":"<p>Koncert | PAOLA QUAGLIATA |IT| &amp; Trio FANDUJO |HU\/IT\/MX| Wyst\u0105pi\u0105: Paola Quagliata (\u015bpiew) oraz Trio Fandujo w sk\u0142adzie: Fruzsina L\u00e1szl\u00f3 [&hellip;]<\/p>\n","protected":false},"author":5,"featured_media":0,"comment_status":"open","ping_status":"open","sticky":false,"template":"","format":"standard","meta":{"_acf_changed":false,"ngg_post_thumbnail":0,"footnotes":""},"categories":[53],"tags":[71],"class_list":["post-17589","post","type-post","status-publish","format-standard","hentry","category-program","tag-koncert"],"acf":[],"_links":{"self":[{"href":"https:\/\/shalom.org.pl\/en\/wp-json\/wp\/v2\/posts\/17589","targetHints":{"allow":["GET"]}}],"collection":[{"href":"https:\/\/shalom.org.pl\/en\/wp-json\/wp\/v2\/posts"}],"about":[{"href":"https:\/\/shalom.org.pl\/en\/wp-json\/wp\/v2\/types\/post"}],"author":[{"embeddable":true,"href":"https:\/\/shalom.org.pl\/en\/wp-json\/wp\/v2\/users\/5"}],"replies":[{"embeddable":true,"href":"https:\/\/shalom.org.pl\/en\/wp-json\/wp\/v2\/comments?post=17589"}],"version-history":[{"count":10,"href":"https:\/\/shalom.org.pl\/en\/wp-json\/wp\/v2\/posts\/17589\/revisions"}],"predecessor-version":[{"id":18510,"href":"https:\/\/shalom.org.pl\/en\/wp-json\/wp\/v2\/posts\/17589\/revisions\/18510"}],"wp:attachment":[{"href":"https:\/\/shalom.org.pl\/en\/wp-json\/wp\/v2\/media?parent=17589"}],"wp:term":[{"taxonomy":"category","embeddable":true,"href":"https:\/\/shalom.org.pl\/en\/wp-json\/wp\/v2\/categories?post=17589"},{"taxonomy":"post_tag","embeddable":true,"href":"https:\/\/shalom.org.pl\/en\/wp-json\/wp\/v2\/tags?post=17589"}],"curies":[{"name":"wp","href":"https:\/\/api.w.org\/{rel}","templated":true}]}}