{"id":17557,"date":"2023-06-19T12:36:24","date_gmt":"2023-06-19T10:36:24","guid":{"rendered":"http:\/\/shalom.org.pl\/?p=17557"},"modified":"2023-06-23T19:05:21","modified_gmt":"2023-06-23T17:05:21","slug":"spektakl-muzyczny-piesni-getta-rez-golda-tencer-teatr-zydowski-w-warszawie","status":"publish","type":"post","link":"https:\/\/shalom.org.pl\/en\/spektakl-muzyczny-piesni-getta-rez-golda-tencer-teatr-zydowski-w-warszawie\/","title":{"rendered":"Spektakl muzyczny: \u201ePIE\u015aNI GETTA\u201d, re\u017c. Go\u0142da Tencer | Teatr \u017bydowski w Warszawie"},"content":{"rendered":"<h3>Spektakl muzyczny: \u201ePIE\u015aNI GETTA\u201d, re\u017c. Go\u0142da Tencer | Teatr \u017bydowski w Warszawie<\/h3>\n<p>Scenariusz i re\u017cyseria: <strong>Go\u0142da Tencer<\/strong>, opracowanie muzyczne: <strong>Teresa Wro\u0144ska<\/strong>, scenografia, kostiumy:<strong> Ewa \u0141aniecka<\/strong>, \u015brodowisko wizualne, animacje:<strong> Maciej Czuchryta, Patrycja Superczy\u0144ska<\/strong>, re\u017cyseria \u015bwiate\u0142:<strong> Jakub Zajda<\/strong><\/p>\n<p>Wyst\u0105pi\u0105: <strong>Daniel \u201eCzacza\u201d Antoniewicz<\/strong>, <strong>Piotr Chomik<\/strong>, <strong>Ewa D\u0105browska<\/strong>, <strong>Genady Iskhakov<\/strong>, <strong>Adrianna Kie\u015b<\/strong>, <strong>Ma\u0142gorzata Majewska<\/strong>, <strong>Sylwia Najah<\/strong>, <strong>Henryk Rajfer<\/strong>, <strong>Izabella Rzeszowska<\/strong>, <strong>Alina \u015awidowska<\/strong>, <strong>Go\u0142da Tencer<\/strong><\/p>\n<p><img fetchpriority=\"high\" decoding=\"async\" class=\"alignnone wp-image-17558 size-large\" src=\"http:\/\/shalom.org.pl\/wp-content\/uploads\/2023\/06\/plakatpiesnigetta9-739x1024.jpg\" alt=\"\" width=\"739\" height=\"1024\" srcset=\"https:\/\/shalom.org.pl\/wp-content\/uploads\/2023\/06\/plakatpiesnigetta9-739x1024.jpg 739w, https:\/\/shalom.org.pl\/wp-content\/uploads\/2023\/06\/plakatpiesnigetta9-217x300.jpg 217w, https:\/\/shalom.org.pl\/wp-content\/uploads\/2023\/06\/plakatpiesnigetta9-768x1064.jpg 768w, https:\/\/shalom.org.pl\/wp-content\/uploads\/2023\/06\/plakatpiesnigetta9-184x255.jpg 184w, https:\/\/shalom.org.pl\/wp-content\/uploads\/2023\/06\/plakatpiesnigetta9-350x485.jpg 350w\" sizes=\"(max-width: 739px) 100vw, 739px\" \/><\/p>\n<p>Na spektakl sk\u0142adaj\u0105 si\u0119 pie\u015bni w j\u0119zyku polskim i jidysz, a tak\u017ce fragmenty list\u00f3w, dziennik\u00f3w i relacji pisanych w getcie.<br \/>\nGo\u0142da Tencer:&nbsp;<em>Przywo\u0142ujemy cienie pomordowanych w gettach i obozach. Zosta\u0142a po nich gar\u015b\u0107 popio\u0142u, grudka piasku przesypywana przez czas. Usta setek tysi\u0119cy dzieci \u017cydowskich milcz\u0105 na zawsze, a niekt\u00f3re z tych nielicznych, kt\u00f3re prze\u017cy\u0142y, daj\u0105 \u015bwiadectwo prawdzie.&nbsp;<\/em><\/p>\n<p>Spektakl zosta\u0142 przygotowany na&nbsp; 80.rocznic\u0119 Powstania w Getcie Warszawskim.<\/p>\n<p><span style=\"font-size: 12pt;\">fot. Archiwum Teatru \u017bydowskiego<\/span><\/p>\n<hr>\n<p><span style=\"font-size: 10pt;\"><strong>Teatr \u017bydowski, ul. Senatorska 35 \u2013 Scena im. Szymona Szurmieja<\/strong><\/span><\/p>\n<p><span style=\"font-size: 10pt;\">Bilety: 60\/50\/30 PLN \u2013 do nabycia na: www.kicket.com\/warszawa, www.teatr-zydowski.art.pl, w Biurze Organizacji Widowni, tel. 48 602 534 270; 22 850 64 50 lub 51 oraz w kasach Teatru \u017bydowskiego: przy ul. Senatorskiej 35, tel. 22 850 64 35 lub w Klubie Dow\u00f3dztwa Garnizonu Warszawa, al. Niepodleg\u0142o\u015bci 141a, tel. 22 850 56 56<\/span><\/p>\n<hr>\n<p><span style=\"font-size: 10pt;\"><em>Wydarzenie towarzysz\u0105ce zorganizowane przez Teatr \u017bydowski w Warszawie<\/em><\/span><\/p>\n","protected":false},"excerpt":{"rendered":"<p>Spektakl muzyczny: \u201ePIE\u015aNI GETTA\u201d, re\u017c. Go\u0142da Tencer | Teatr \u017bydowski w Warszawie Scenariusz i re\u017cyseria: Go\u0142da Tencer, opracowanie muzyczne: Teresa [&hellip;]<\/p>\n","protected":false},"author":5,"featured_media":0,"comment_status":"open","ping_status":"open","sticky":false,"template":"","format":"standard","meta":{"_acf_changed":false,"ngg_post_thumbnail":0,"footnotes":""},"categories":[53],"tags":[69],"class_list":["post-17557","post","type-post","status-publish","format-standard","hentry","category-program","tag-spektakl"],"acf":[],"_links":{"self":[{"href":"https:\/\/shalom.org.pl\/en\/wp-json\/wp\/v2\/posts\/17557","targetHints":{"allow":["GET"]}}],"collection":[{"href":"https:\/\/shalom.org.pl\/en\/wp-json\/wp\/v2\/posts"}],"about":[{"href":"https:\/\/shalom.org.pl\/en\/wp-json\/wp\/v2\/types\/post"}],"author":[{"embeddable":true,"href":"https:\/\/shalom.org.pl\/en\/wp-json\/wp\/v2\/users\/5"}],"replies":[{"embeddable":true,"href":"https:\/\/shalom.org.pl\/en\/wp-json\/wp\/v2\/comments?post=17557"}],"version-history":[{"count":3,"href":"https:\/\/shalom.org.pl\/en\/wp-json\/wp\/v2\/posts\/17557\/revisions"}],"predecessor-version":[{"id":17988,"href":"https:\/\/shalom.org.pl\/en\/wp-json\/wp\/v2\/posts\/17557\/revisions\/17988"}],"wp:attachment":[{"href":"https:\/\/shalom.org.pl\/en\/wp-json\/wp\/v2\/media?parent=17557"}],"wp:term":[{"taxonomy":"category","embeddable":true,"href":"https:\/\/shalom.org.pl\/en\/wp-json\/wp\/v2\/categories?post=17557"},{"taxonomy":"post_tag","embeddable":true,"href":"https:\/\/shalom.org.pl\/en\/wp-json\/wp\/v2\/tags?post=17557"}],"curies":[{"name":"wp","href":"https:\/\/api.w.org\/{rel}","templated":true}]}}