{"id":17548,"date":"2023-06-19T12:37:18","date_gmt":"2023-06-19T10:37:18","guid":{"rendered":"http:\/\/shalom.org.pl\/?p=17548"},"modified":"2023-06-19T12:37:18","modified_gmt":"2023-06-19T10:37:18","slug":"spektakl-skrzypek-na-dachu-rez-jan-szurmiej-teatr-zydowski-w-warszawie","status":"publish","type":"post","link":"https:\/\/shalom.org.pl\/en\/spektakl-skrzypek-na-dachu-rez-jan-szurmiej-teatr-zydowski-w-warszawie\/","title":{"rendered":"Spektakl: \u201eSKRZYPEK NA DACHU\u201d, re\u017c. JAN SZURMIEJ | Teatr \u017bydowski w Warszawie"},"content":{"rendered":"<p><strong>Spektakl: \u201e<\/strong><strong>SKRZYPEK NA DACHU\u201d, re\u017c. <\/strong><strong>JAN SZURMIEJ<\/strong><strong>&nbsp;| Teatr \u017bydowski w Warszawie<\/strong><\/p>\n<p>\u015awiatowej s\u0142awy musical \u201eSkrzypek na dachu\u201d swoj\u0105 warstw\u0105 muzyczn\u0105 jak i tematem przemawia do publiczno\u015bci na ca\u0142ym \u015bwiecie. Za kanw\u0119 libretta pos\u0142u\u017cy\u0142a powie\u015b\u0107 Szolema Alejchema \u201eDzieje Tewjego Mleczarza\u201d. Akcja rozgrywa si\u0119 w 1905 r. w Anatewce, ma\u0142ym miasteczku na terenie Rosji carskiej, gdzie obok siebie \u017cyj\u0105 dwie spo\u0142eczno\u015bci \u2013 \u017cydowska i rosyjska, kt\u00f3re staraj\u0105 si\u0119 nie wchodzi\u0107 sobie w drog\u0119. Historyczne t\u0142o akcji nawi\u0105zuje do rodz\u0105cego si\u0119 komunizmu, rewolucji 1905 roku, a w finale do masowej emigracji ludno\u015bci \u017cydowskiej.<\/p>\n<p><img fetchpriority=\"high\" decoding=\"async\" class=\"alignnone wp-image-17549 size-full\" src=\"http:\/\/shalom.org.pl\/wp-content\/uploads\/2023\/06\/skrzypeknadachum.jpg\" alt=\"\" width=\"328\" height=\"458\" srcset=\"https:\/\/shalom.org.pl\/wp-content\/uploads\/2023\/06\/skrzypeknadachum.jpg 328w, https:\/\/shalom.org.pl\/wp-content\/uploads\/2023\/06\/skrzypeknadachum-215x300.jpg 215w, https:\/\/shalom.org.pl\/wp-content\/uploads\/2023\/06\/skrzypeknadachum-183x255.jpg 183w\" sizes=\"(max-width: 328px) 100vw, 328px\" \/><\/p>\n<p>Tytu\u0142owy Tewje jest ubogim mleczarzem, ojcem pi\u0119ciu c\u00f3rek, kt\u00f3re chce wyda\u0107 za m\u0105\u017c. One jednak nie zgadzaj\u0105 si\u0119 z propozycjami swatki i szukaj\u0105 zwi\u0105zk\u00f3w opartych na mi\u0142o\u015bci. Tewje raz po raz staje przed wyborem, co jest wa\u017cniejsze: \u017cycie zgodnie z tradycj\u0105 czy szcz\u0119\u015bcie c\u00f3rek. Tymczasem do Anatewki dociera wiadomo\u015b\u0107 o konieczno\u015bci opuszczenia przez wszystkich \u017byd\u00f3w miasteczka.<\/p>\n<p>Re\u017cyseria, inscenizacja i choreografia: <strong>Jan Szurmiej<\/strong>, przek\u0142ad: <strong>Antoni Marianowicz<\/strong>, libretto: <strong>Joseph Stein<\/strong>, scenografia: <strong>Wojciech Jankowiak<\/strong>, kostiumy: <strong>Marta Hubka<\/strong>, muzyka: <strong>Jerry Bock<\/strong>, teksty piosenek: <strong>Sheldon Harnick<\/strong>, kierownictwo muzyczne: <strong>Teresa Wro\u0144ska<\/strong>, przygotowanie wokalne: <strong>Teresa Wro\u0144ska<\/strong>, asystent re\u017cysera: <strong>Joanna Rz\u0105czy\u0144ska<\/strong><\/p>\n<p>Obsada: Tewje Mleczarz \u2013 <strong>Marek Szyd\u0142o<\/strong> (go\u015bcinnie), Go\u0142da, jego \u017cona \u2013 <strong>Ewa D\u0105browska\/Alina \u015awidowska<\/strong>, Cejt\u0142 \u2013<strong> Ma\u0142gorzata Majewska\/Joanna Rz\u0105czy\u0144ska, <\/strong>Hud\u0142 \u2013<strong> Sylwia Najah\/Izabella Rzeszowska<\/strong>, Chawa \u2013 <strong>Adrianna Dorociak\/Adrianna Kie\u015b, <\/strong>Szprynca \u2013 <strong>Zofia Rz\u0105czy\u0144ska<\/strong>\/<strong>Nina Szurmiej<\/strong>, Bej\u0142ka \u2013 <strong>Weronika Piszczek-Dobrzycka<\/strong>, Jenta, swatka \u2013 <strong>Ernestyna Winnicka<\/strong>, Mot\u0142, krawiec \u2013 Daniel <strong>Antoniewicz\/Piotr Siwek<\/strong>, Szejnd\u0142, jego matka \u2013 <strong>Barbara Szeliga<\/strong>, Perczyk, student \u2013 <strong>Piotr Chomik<\/strong>, Lejzer Wolf, rze\u017anik \u2013 <strong>Henryk Rajfer<\/strong>, Mordcha, karczmarz \u2013 <strong>Marek W\u0119glarski<\/strong>, Rabin \u2013 <strong>Jan Szurmiej\/Grzegorz Kulikowski<\/strong>, Mend\u0142, jego syn \u2013 <strong>Piotr Sierecki<\/strong>, Abram, ksi\u0119garz \u2013 <strong>Jerzy Walczak<\/strong>, Nachum, \u017cebrak \u2013 <strong>Ryszard Kluge<\/strong>, Babcia Cejt\u0142, babcia Go\u0142dy \u2013 <strong>Monika Chrz\u0105stowska <\/strong>, Fruma Sara, pierwsza \u017cona \u2013<strong>\/Izabella Rzeszowska\/Ma\u0142gorzata Trybalska<\/strong>, Jos\u0142, kapelusznik \u2013 <strong>Piotr Wiszniowski<\/strong>, Policjant \u2013 <strong>Waldemar Gawlik<\/strong>, Fietka, m\u0142ody Rosjanin \u2013 <strong>Marcin B\u0142aszak<\/strong>, Sasza, jego przyjaciel \u2013 <strong>Rafa\u0142 Rutowicz<\/strong>, Ryfka \u2013 <strong>Joanna Przyby\u0142owska<\/strong>, Cypojra \u2013 <strong>Monika Chrz\u0105stowska\/Izabella Rzeszowska\/Ma\u0142gorzata Trybalska<\/strong>, Skrzypek \u2013 <strong>Miros\u0142aw Ku\u017aniak<\/strong>, Pop \u2013 <strong>Grzegorz Kulikowski<\/strong>, Mieszka\u0144cy \u2013 <strong>Monika Soszka<\/strong>, <strong>Ewa Tucholska<\/strong>, <strong>Maciej Winkler<\/strong><\/p>\n<p>Staty\u015bci dzieci\u0119cy: <strong>Wiktor Adamczyk<\/strong>, <strong>Micha\u0142 Gruszczy\u0144ski<\/strong>, <strong>Antoni Kacperek<\/strong>, <strong>J\u00f3zef Kmita-Rajabov<\/strong>, <strong>Coco Pliszka<\/strong><\/p>\n<p>Tancerze:<strong> Marek Bula<\/strong>, <strong>Szymon Dobosik<\/strong>, <strong>Bart\u0142omiej G\u0105sior<\/strong>, <strong>Patryk Gna\u015b<\/strong>, <strong>Wojciech Ka\u0142u\u017ca<\/strong>, <strong>Kamil Wawrzuta<\/strong>, <strong>Pawe\u0142 \u017belazko<\/strong><\/p>\n\n\t\t<style type=\"text\/css\">\n\t\t\t#gallery-1 {\n\t\t\t\tmargin: auto;\n\t\t\t}\n\t\t\t#gallery-1 .gallery-item {\n\t\t\t\tfloat: left;\n\t\t\t\tmargin-top: 10px;\n\t\t\t\ttext-align: center;\n\t\t\t\twidth: 25%;\n\t\t\t}\n\t\t\t#gallery-1 img {\n\t\t\t\tborder: 2px solid #cfcfcf;\n\t\t\t}\n\t\t\t#gallery-1 .gallery-caption {\n\t\t\t\tmargin-left: 0;\n\t\t\t}\n\t\t\t\/* see gallery_shortcode() in wp-includes\/media.php *\/\n\t\t<\/style>\n\t\t<div id='gallery-1' class='gallery galleryid-17548 gallery-columns-4 gallery-size-thumbnail'><dl class='gallery-item'>\n\t\t\t<dt class='gallery-icon landscape'>\n\t\t\t\t<a href='https:\/\/shalom.org.pl\/en\/spektakl-skrzypek-na-dachu-rez-jan-szurmiej-teatr-zydowski-w-warszawie\/skrzypek_na_dachu_fot-olga_cieslar_1\/'><img decoding=\"async\" width=\"300\" height=\"300\" src=\"https:\/\/shalom.org.pl\/wp-content\/uploads\/2023\/06\/skrzypek_na_dachu_fot.olga_cieslar_1-300x300.jpg\" class=\"attachment-thumbnail size-thumbnail\" alt=\"\" \/><\/a>\n\t\t\t<\/dt><\/dl><dl class='gallery-item'>\n\t\t\t<dt class='gallery-icon landscape'>\n\t\t\t\t<a href='https:\/\/shalom.org.pl\/en\/spektakl-skrzypek-na-dachu-rez-jan-szurmiej-teatr-zydowski-w-warszawie\/skrzypek_na_dachu_fot-olga_cieslar_3\/'><img decoding=\"async\" width=\"300\" height=\"300\" src=\"https:\/\/shalom.org.pl\/wp-content\/uploads\/2023\/06\/skrzypek_na_dachu_fot.olga_cieslar_3-300x300.jpg\" class=\"attachment-thumbnail size-thumbnail\" alt=\"\" \/><\/a>\n\t\t\t<\/dt><\/dl><dl class='gallery-item'>\n\t\t\t<dt class='gallery-icon landscape'>\n\t\t\t\t<a href='https:\/\/shalom.org.pl\/en\/spektakl-skrzypek-na-dachu-rez-jan-szurmiej-teatr-zydowski-w-warszawie\/skrzypek_na_dachu_fot-olga_cieslar_7\/'><img loading=\"lazy\" decoding=\"async\" width=\"300\" height=\"300\" src=\"https:\/\/shalom.org.pl\/wp-content\/uploads\/2023\/06\/skrzypek_na_dachu_fot.olga_cieslar_7-300x300.jpg\" class=\"attachment-thumbnail size-thumbnail\" alt=\"\" \/><\/a>\n\t\t\t<\/dt><\/dl><dl class='gallery-item'>\n\t\t\t<dt class='gallery-icon landscape'>\n\t\t\t\t<a href='https:\/\/shalom.org.pl\/en\/spektakl-skrzypek-na-dachu-rez-jan-szurmiej-teatr-zydowski-w-warszawie\/skrzypek_na_dachu_fot-olga_cieslar_4\/'><img loading=\"lazy\" decoding=\"async\" width=\"300\" height=\"300\" src=\"https:\/\/shalom.org.pl\/wp-content\/uploads\/2023\/06\/skrzypek_na_dachu_fot.olga_cieslar_4-300x300.jpg\" class=\"attachment-thumbnail size-thumbnail\" alt=\"\" \/><\/a>\n\t\t\t<\/dt><\/dl><br style=\"clear: both\" \/>\n\t\t<\/div>\n\n<p><span style=\"font-size: 12pt;\">fot. Olga Cie\u015blar<\/span><\/p>\n<hr>\n<p><span style=\"font-size: 10pt;\"><strong>Teatr \u017bydowski, al. Niepodleg\u0142o\u015bci 141a \u2013 Scena w Klubie Dow\u00f3dztwa Garnizonu Warszawa<\/strong><\/span><\/p>\n<p><span style=\"font-size: 10pt;\">Bilety: 160\/150\/140 PLN \u2013 do nabycia na: www.kicket.com\/warszawa, www.teatr-zydowski.art.pl, w Biurze Organizacji Widowni, tel. 48 602 534 270; 22 850 64 50 lub 51 oraz w kasach Teatru \u017bydowskiego: przy ul. Senatorskiej 35, tel. 22 850 64 35 lub w Klubie Dow\u00f3dztwa Garnizonu Warszawa, al. Niepodleg\u0142o\u015bci 141a, tel. 22 850 56 56<\/span><\/p>\n<p><span style=\"font-size: 10pt;\">Czas trwania \u2013 200 min z jedn\u0105 przerw\u0105<\/span><\/p>\n<hr>\n<p><span style=\"font-size: 10pt;\"><em>Wydarzenie towarzysz\u0105ce zorganizowane <\/em><em>przez Teatr \u017bydowski w Warszawie<\/em><\/span><\/p>\n<p>&nbsp;<\/p>\n<p>&nbsp;<\/p>\n","protected":false},"excerpt":{"rendered":"<p>Spektakl: \u201eSKRZYPEK NA DACHU\u201d, re\u017c. JAN SZURMIEJ&nbsp;| Teatr \u017bydowski w Warszawie \u015awiatowej s\u0142awy musical \u201eSkrzypek na dachu\u201d swoj\u0105 warstw\u0105 muzyczn\u0105 [&hellip;]<\/p>\n","protected":false},"author":5,"featured_media":0,"comment_status":"open","ping_status":"open","sticky":false,"template":"","format":"standard","meta":{"_acf_changed":false,"ngg_post_thumbnail":0,"footnotes":""},"categories":[53],"tags":[69],"class_list":["post-17548","post","type-post","status-publish","format-standard","hentry","category-program","tag-spektakl"],"acf":[],"_links":{"self":[{"href":"https:\/\/shalom.org.pl\/en\/wp-json\/wp\/v2\/posts\/17548","targetHints":{"allow":["GET"]}}],"collection":[{"href":"https:\/\/shalom.org.pl\/en\/wp-json\/wp\/v2\/posts"}],"about":[{"href":"https:\/\/shalom.org.pl\/en\/wp-json\/wp\/v2\/types\/post"}],"author":[{"embeddable":true,"href":"https:\/\/shalom.org.pl\/en\/wp-json\/wp\/v2\/users\/5"}],"replies":[{"embeddable":true,"href":"https:\/\/shalom.org.pl\/en\/wp-json\/wp\/v2\/comments?post=17548"}],"version-history":[{"count":4,"href":"https:\/\/shalom.org.pl\/en\/wp-json\/wp\/v2\/posts\/17548\/revisions"}],"predecessor-version":[{"id":17686,"href":"https:\/\/shalom.org.pl\/en\/wp-json\/wp\/v2\/posts\/17548\/revisions\/17686"}],"wp:attachment":[{"href":"https:\/\/shalom.org.pl\/en\/wp-json\/wp\/v2\/media?parent=17548"}],"wp:term":[{"taxonomy":"category","embeddable":true,"href":"https:\/\/shalom.org.pl\/en\/wp-json\/wp\/v2\/categories?post=17548"},{"taxonomy":"post_tag","embeddable":true,"href":"https:\/\/shalom.org.pl\/en\/wp-json\/wp\/v2\/tags?post=17548"}],"curies":[{"name":"wp","href":"https:\/\/api.w.org\/{rel}","templated":true}]}}