{"id":17546,"date":"2023-06-19T12:42:09","date_gmt":"2023-06-19T10:42:09","guid":{"rendered":"http:\/\/shalom.org.pl\/?p=17546"},"modified":"2023-06-19T12:42:09","modified_gmt":"2023-06-19T10:42:09","slug":"spektakl-podroznicy-rez-gosia-debska-teatr-zydowski-w-warszawie","status":"publish","type":"post","link":"https:\/\/shalom.org.pl\/en\/spektakl-podroznicy-rez-gosia-debska-teatr-zydowski-w-warszawie\/","title":{"rendered":"Spektakl: \u201ePODR\u00d3\u017bNICY\u201d \u2013 re\u017c. GOSIA D\u0118BSKA| Teatr \u017bydowski w Warszawie"},"content":{"rendered":"<h3>Spektakl: \u201ePODR\u00d3\u017bNICY\u201d \u2013 re\u017c. GOSIA D\u0118BSKA | Teatr \u017bydowski w Warszawie<\/h3>\n<p>Re\u017cyseria: <strong>Gosia D\u0119bska<\/strong>, autor: <strong>Pawe\u0142 Mossakowski<\/strong>, scenografia i kostiumy: <strong>Marta Bartosik<\/strong>, muzyka: <strong>Maciej Cempura<\/strong>, choreografia: <strong>Tomasz Graczyk<\/strong>, re\u017cyseria \u015bwiate\u0142: <strong>Maciej Iwa\u0144czyk<\/strong><\/p>\n<p>Obsada: <strong>Adrianna Kie\u015b <\/strong>(Pola),<strong> Piotr Chomik <\/strong>(Kuba),<strong> Ma\u0142gorzata Majewska <\/strong>(Fryda), <strong>Sylwia Najah <\/strong>(Ruta), <strong>Maciej Winkler <\/strong>(Felek),<strong> Piotr Wiszniowski <\/strong>(Szymon)<\/p>\n<p><img fetchpriority=\"high\" decoding=\"async\" class=\"alignnone wp-image-17540 size-large\" src=\"http:\/\/shalom.org.pl\/wp-content\/uploads\/2023\/06\/plakatlogotypy3organizatorzy-724x1024.jpg\" alt=\"\" width=\"724\" height=\"1024\" srcset=\"https:\/\/shalom.org.pl\/wp-content\/uploads\/2023\/06\/plakatlogotypy3organizatorzy-724x1024.jpg 724w, https:\/\/shalom.org.pl\/wp-content\/uploads\/2023\/06\/plakatlogotypy3organizatorzy-212x300.jpg 212w, https:\/\/shalom.org.pl\/wp-content\/uploads\/2023\/06\/plakatlogotypy3organizatorzy-768x1086.jpg 768w, https:\/\/shalom.org.pl\/wp-content\/uploads\/2023\/06\/plakatlogotypy3organizatorzy-180x255.jpg 180w, https:\/\/shalom.org.pl\/wp-content\/uploads\/2023\/06\/plakatlogotypy3organizatorzy-350x495.jpg 350w, https:\/\/shalom.org.pl\/wp-content\/uploads\/2023\/06\/plakatlogotypy3organizatorzy.jpg 787w\" sizes=\"(max-width: 724px) 100vw, 724px\" \/><\/p>\n<p>Warszawa, rok 1968.<\/p>\n<p>Ona ma na imi\u0119 Pola. Czas sp\u0119dza na nauce do matury, marzy o studiowaniu psychologii. On ma na imi\u0119 Kuba. Jest typem poety &#8211; buntownika, chce studiowa\u0107 polonistyk\u0119, aby w przysz\u0142o\u015bci po\u015bwi\u0119ci\u0107 si\u0119 pisaniu. W\u0142a\u015bnie opublikowano jego pierwsze wiersze. Pola i Kuba s\u0105 w sobie zakochani. Planuj\u0105 pierwsze w \u017cyciu \u201edoros\u0142e\u201d wakacje i wsp\u00f3ln\u0105 przysz\u0142o\u015b\u0107 &#8230;<\/p>\n<p>Jak\u0105 przysz\u0142o\u015b\u0107 ma m\u0142odzie\u0144cze uczucie, gdy dopada je historia dziej\u0105ca si\u0119 tu i teraz?<\/p>\n\n\t\t<style type=\"text\/css\">\n\t\t\t#gallery-1 {\n\t\t\t\tmargin: auto;\n\t\t\t}\n\t\t\t#gallery-1 .gallery-item {\n\t\t\t\tfloat: left;\n\t\t\t\tmargin-top: 10px;\n\t\t\t\ttext-align: center;\n\t\t\t\twidth: 25%;\n\t\t\t}\n\t\t\t#gallery-1 img {\n\t\t\t\tborder: 2px solid #cfcfcf;\n\t\t\t}\n\t\t\t#gallery-1 .gallery-caption {\n\t\t\t\tmargin-left: 0;\n\t\t\t}\n\t\t\t\/* see gallery_shortcode() in wp-includes\/media.php *\/\n\t\t<\/style>\n\t\t<div id='gallery-1' class='gallery galleryid-17546 gallery-columns-4 gallery-size-thumbnail'><dl class='gallery-item'>\n\t\t\t<dt class='gallery-icon landscape'>\n\t\t\t\t<a href='https:\/\/shalom.org.pl\/en\/spektakl-podroznicy-rez-gosia-debska-teatr-zydowski-w-warszawie-2\/_12a2827\/'><img decoding=\"async\" width=\"300\" height=\"300\" src=\"https:\/\/shalom.org.pl\/wp-content\/uploads\/2023\/06\/12a2827-300x300.jpg\" class=\"attachment-thumbnail size-thumbnail\" alt=\"\" \/><\/a>\n\t\t\t<\/dt><\/dl><dl class='gallery-item'>\n\t\t\t<dt class='gallery-icon landscape'>\n\t\t\t\t<a href='https:\/\/shalom.org.pl\/en\/spektakl-podroznicy-rez-gosia-debska-teatr-zydowski-w-warszawie-2\/_12a3345a\/'><img decoding=\"async\" width=\"300\" height=\"300\" src=\"https:\/\/shalom.org.pl\/wp-content\/uploads\/2023\/06\/12a3345a-300x300.jpg\" class=\"attachment-thumbnail size-thumbnail\" alt=\"\" \/><\/a>\n\t\t\t<\/dt><\/dl><dl class='gallery-item'>\n\t\t\t<dt class='gallery-icon landscape'>\n\t\t\t\t<a href='https:\/\/shalom.org.pl\/en\/spektakl-podroznicy-rez-gosia-debska-teatr-zydowski-w-warszawie-2\/_12a3204tty\/'><img loading=\"lazy\" decoding=\"async\" width=\"300\" height=\"300\" src=\"https:\/\/shalom.org.pl\/wp-content\/uploads\/2023\/06\/12a3204tty-300x300.jpg\" class=\"attachment-thumbnail size-thumbnail\" alt=\"\" \/><\/a>\n\t\t\t<\/dt><\/dl><dl class='gallery-item'>\n\t\t\t<dt class='gallery-icon landscape'>\n\t\t\t\t<a href='https:\/\/shalom.org.pl\/en\/spektakl-podroznicy-rez-gosia-debska-teatr-zydowski-w-warszawie-2\/_12a3511-2\/'><img loading=\"lazy\" decoding=\"async\" width=\"300\" height=\"300\" src=\"https:\/\/shalom.org.pl\/wp-content\/uploads\/2023\/06\/12a3511-300x300.jpg\" class=\"attachment-thumbnail size-thumbnail\" alt=\"\" \/><\/a>\n\t\t\t<\/dt><\/dl><br style=\"clear: both\" \/>\n\t\t<\/div>\n\n<p>Podr\u00f3\u017cnicy to historia dw\u00f3jki ludzi, kt\u00f3rych \u0142\u0105czy mi\u0142o\u015b\u0107, a rozdziela wszystko to, co dzieje si\u0119 wok\u00f3\u0142 nich. Wygnani na tu\u0142aczk\u0119 po \u015bwiecie i po w\u0142asnych \u017cyciach, szukaj\u0105 siebie w kr\u00f3tkich spotkaniach, licz\u0105c, \u017ce tym razem odwa\u017c\u0105 si\u0119 wypowiedzie\u0107 to, co niewypowiedziane. Im wi\u0119cej lat mija, tym trudniej odnale\u017a\u0107 w sobie zakochanych nastolatk\u00f3w, kt\u00f3rych historia rozdzieli\u0142a w 1968.<\/p>\n<p>Czy uda im si\u0119 odnale\u017a\u0107 siebie na nowo? Czy znajd\u0105 w\u0142asne miejsce na \u015bwiecie, gdzie b\u0119d\u0105 mogli po prostu by\u0107 i \u017cy\u0107 razem. Czy odnajd\u0105 w\u0142asny czas?<\/p>\n<p>Tekst &#8220;Podr\u00f3\u017cnik\u00f3w&#8221; autorstwa Paw\u0142a Mossakowskiego zdoby\u0142 wyr\u00f3\u017cnienie w finale Mi\u0119dzynarodowego Konkursu im. Szymona Szurmieja Na Dramat Wsp\u00f3\u0142czesny o Tematyce \u017bydowskiej.<\/p>\n<p><span style=\"font-size: 12pt;\">fot. Archiwum Teatru \u017bydowskiego<\/span><\/p>\n<hr>\n<p><span style=\"font-size: 10pt;\"><strong>Teatr \u017bydowski, ul. Senatorska 35 \u2013 Scena im. Szymona Szurmieja<\/strong><\/span><\/p>\n<p><span style=\"font-size: 10pt;\">Bilety: 70\/60\/40 PLN \u2013 do nabycia na: www.kicket.com\/warszawa, www.teatr-zydowski.art.pl, w Biurze Organizacji Widowni, tel. 48 602 534 270; 22 850 64 50 lub 51 oraz w kasach Teatru \u017bydowskiego: przy ul. Senatorskiej 35, tel. 22 850 64 35 lub w Klubie Dow\u00f3dztwa Garnizonu Warszawa, al. Niepodleg\u0142o\u015bci 141a, tel. 22 850 56 56<\/span><\/p>\n<p><span style=\"font-size: 10pt;\">Czas trwania spektaklu: 100 min<\/span><\/p>\n<hr>\n<p><span style=\"font-size: 10pt;\"><em>Wydarzenie towarzysz\u0105ce zorganizowane przez Teatr \u017bydowski w Warszawie<\/em><\/span><\/p>\n","protected":false},"excerpt":{"rendered":"<p>Spektakl: \u201ePODR\u00d3\u017bNICY\u201d \u2013 re\u017c. GOSIA D\u0118BSKA | Teatr \u017bydowski w Warszawie Re\u017cyseria: Gosia D\u0119bska, autor: Pawe\u0142 Mossakowski, scenografia i kostiumy: [&hellip;]<\/p>\n","protected":false},"author":5,"featured_media":0,"comment_status":"open","ping_status":"open","sticky":false,"template":"","format":"standard","meta":{"_acf_changed":false,"ngg_post_thumbnail":0,"footnotes":""},"categories":[53],"tags":[69],"class_list":["post-17546","post","type-post","status-publish","format-standard","hentry","category-program","tag-spektakl"],"acf":[],"_links":{"self":[{"href":"https:\/\/shalom.org.pl\/en\/wp-json\/wp\/v2\/posts\/17546","targetHints":{"allow":["GET"]}}],"collection":[{"href":"https:\/\/shalom.org.pl\/en\/wp-json\/wp\/v2\/posts"}],"about":[{"href":"https:\/\/shalom.org.pl\/en\/wp-json\/wp\/v2\/types\/post"}],"author":[{"embeddable":true,"href":"https:\/\/shalom.org.pl\/en\/wp-json\/wp\/v2\/users\/5"}],"replies":[{"embeddable":true,"href":"https:\/\/shalom.org.pl\/en\/wp-json\/wp\/v2\/comments?post=17546"}],"version-history":[{"count":3,"href":"https:\/\/shalom.org.pl\/en\/wp-json\/wp\/v2\/posts\/17546\/revisions"}],"predecessor-version":[{"id":17665,"href":"https:\/\/shalom.org.pl\/en\/wp-json\/wp\/v2\/posts\/17546\/revisions\/17665"}],"wp:attachment":[{"href":"https:\/\/shalom.org.pl\/en\/wp-json\/wp\/v2\/media?parent=17546"}],"wp:term":[{"taxonomy":"category","embeddable":true,"href":"https:\/\/shalom.org.pl\/en\/wp-json\/wp\/v2\/categories?post=17546"},{"taxonomy":"post_tag","embeddable":true,"href":"https:\/\/shalom.org.pl\/en\/wp-json\/wp\/v2\/tags?post=17546"}],"curies":[{"name":"wp","href":"https:\/\/api.w.org\/{rel}","templated":true}]}}