{"id":17202,"date":"2023-01-12T21:22:40","date_gmt":"2023-01-12T20:22:40","guid":{"rendered":"http:\/\/shalom.org.pl\/?p=17202"},"modified":"2023-01-12T21:26:07","modified_gmt":"2023-01-12T20:26:07","slug":"informacja-o-przetwarzaniu-danych-osobowych","status":"publish","type":"post","link":"https:\/\/shalom.org.pl\/en\/informacja-o-przetwarzaniu-danych-osobowych\/","title":{"rendered":"Informacja o przetwarzaniu danych osobowych"},"content":{"rendered":"<div><em>Informacja o przetwarzaniu danych osobowych w zwi\u0105<\/em><em>zku z organizacj\u0105 obchod\u00f3w 18. Mi\u0119dzynarodowego Dnia Pami\u0119ci o Ofiarach Holokaustu<\/em><\/div>\n<div>&nbsp;<\/div>\n<div>Szczeg\u00f3\u0142y: <a href=\"http:\/\/shalom.org.pl\/wp-content\/uploads\/2023\/01\/Fundacja-Shalom_klauzula_Dzien-Pamieci.pdf\">TUTAJ<\/a><\/div>\n","protected":false},"excerpt":{"rendered":"<p>Informacja o przetwarzaniu danych osobowych w zwi\u0105zku z organizacj\u0105 obchod\u00f3w 18. Mi\u0119dzynarodowego Dnia Pami\u0119ci o Ofiarach Holokaustu &nbsp; Szczeg\u00f3\u0142y: TUTAJ<\/p>\n","protected":false},"author":5,"featured_media":0,"comment_status":"open","ping_status":"open","sticky":false,"template":"","format":"standard","meta":{"_acf_changed":false,"ngg_post_thumbnail":0,"footnotes":""},"categories":[1],"tags":[],"class_list":["post-17202","post","type-post","status-publish","format-standard","hentry","category-bez-kategorii"],"acf":[],"_links":{"self":[{"href":"https:\/\/shalom.org.pl\/en\/wp-json\/wp\/v2\/posts\/17202","targetHints":{"allow":["GET"]}}],"collection":[{"href":"https:\/\/shalom.org.pl\/en\/wp-json\/wp\/v2\/posts"}],"about":[{"href":"https:\/\/shalom.org.pl\/en\/wp-json\/wp\/v2\/types\/post"}],"author":[{"embeddable":true,"href":"https:\/\/shalom.org.pl\/en\/wp-json\/wp\/v2\/users\/5"}],"replies":[{"embeddable":true,"href":"https:\/\/shalom.org.pl\/en\/wp-json\/wp\/v2\/comments?post=17202"}],"version-history":[{"count":4,"href":"https:\/\/shalom.org.pl\/en\/wp-json\/wp\/v2\/posts\/17202\/revisions"}],"predecessor-version":[{"id":17207,"href":"https:\/\/shalom.org.pl\/en\/wp-json\/wp\/v2\/posts\/17202\/revisions\/17207"}],"wp:attachment":[{"href":"https:\/\/shalom.org.pl\/en\/wp-json\/wp\/v2\/media?parent=17202"}],"wp:term":[{"taxonomy":"category","embeddable":true,"href":"https:\/\/shalom.org.pl\/en\/wp-json\/wp\/v2\/categories?post=17202"},{"taxonomy":"post_tag","embeddable":true,"href":"https:\/\/shalom.org.pl\/en\/wp-json\/wp\/v2\/tags?post=17202"}],"curies":[{"name":"wp","href":"https:\/\/api.w.org\/{rel}","templated":true}]}}